{"id":797,"date":"2019-03-06T15:13:09","date_gmt":"2019-03-06T14:13:09","guid":{"rendered":"http:\/\/solaris.lem.pl\/blog\/?p=797"},"modified":"2019-03-06T15:25:13","modified_gmt":"2019-03-06T14:25:13","slug":"planeta-lem-konkurs-wyniki","status":"publish","type":"post","link":"https:\/\/solaris.lem.pl\/blog\/planeta-lem-konkurs-wyniki\/","title":{"rendered":"PLANETA LEM: konferencja prasowa i publiczne og\u0142oszenie wynik\u00f3w konkursu architektonicznego"},"content":{"rendered":"<p><img loading=\"lazy\" src=\"http:\/\/solaris.lem.pl\/blog\/wp-content\/uploads\/2019\/03\/planeta_lem_konkurs_architektoniczny-1024x627.jpg\" alt=\"planeta_lem_konkurs_architektoniczny\" width=\"584\" height=\"358\" class=\"aligncenter size-large wp-image-798\" srcset=\"https:\/\/solaris.lem.pl\/blog\/wp-content\/uploads\/2019\/03\/planeta_lem_konkurs_architektoniczny-1024x627.jpg 1024w, https:\/\/solaris.lem.pl\/blog\/wp-content\/uploads\/2019\/03\/planeta_lem_konkurs_architektoniczny-300x184.jpg 300w, https:\/\/solaris.lem.pl\/blog\/wp-content\/uploads\/2019\/03\/planeta_lem_konkurs_architektoniczny-768x470.jpg 768w, https:\/\/solaris.lem.pl\/blog\/wp-content\/uploads\/2019\/03\/planeta_lem_konkurs_architektoniczny-490x300.jpg 490w, https:\/\/solaris.lem.pl\/blog\/wp-content\/uploads\/2019\/03\/planeta_lem_konkurs_architektoniczny.jpg 1531w\" sizes=\"(max-width: 584px) 100vw, 584px\" \/><\/p>\n<p>Krakowskie Biuro Festiwalowe wraz ze Stowarzyszeniem Architekt\u00f3w Polskich Oddzia\u0142 Krak\u00f3w serdecznie zapraszaj\u0105 na publiczne og\u0142oszenie wynik\u00f3w mi\u0119dzynarodowego, dwuetapowego, realizacyjnego konkursu architektoniczno-urbanistycznego, kt\u00f3rego celem jest utworzenie wielofunkcyjnego centrum literackiego pn. \u201eCentrum Literatury i J\u0119zyka \u2013 Planeta Lem\u201d, na terenie dawnego Sk\u0142adu Solnego przy ul. Na Zje\u017adzie 8 w Krakowie.<\/p>\n<p>CLiJ Planeta Lem to jedna z flagowych inwestycji Krakowa w dziedzinie kultury i docelowe centrum dzia\u0142a\u0144 realizowanych w ramach programu Krak\u00f3w Miasto Literatury UNESCO (KMLU). Obiekt, kt\u00f3rego realizacja przewidziana jest w latach 2021-2023 pomie\u015bci wystaw\u0119 g\u0142\u00f3wn\u0105 po\u015bwi\u0119con\u0105 my\u015bli i tw\u00f3rczo\u015bci patrona obiektu \u2013 Stanis\u0142awa Lema, kt\u00f3rej koncepcj\u0119 przygotowa\u0142o studio Tengent, ekspozycj\u0119 po\u015bwi\u0119con\u0105 j\u0119zykowi i komunikacji, przygotowan\u0105 we wsp\u00f3\u0142pracy z Fundacj\u0105 na rzecz Centrum J\u0119zyka Polskiego, wielofunkcyjne sale na wydarzenia i festiwale literackie, mediatak\u0119, og\u00f3lnodost\u0119pn\u0105 czytelni\u0119, kawiarnioksi\u0119garni\u0119 i ogr\u00f3d.<\/p>\n<p>Konferencja odb\u0119dzie si\u0119 w dniu <strong>13 marca 2019 r. (\u015broda) o godz. 11:00 w Centrum Kongresowym ICE Krak\u00f3w przy ul. Konopnickiej 17<\/strong> (sala S4, wej\u015bcie od strony ul. Jana Bu\u0142haka\/Hotelu Park Inn). Dzie\u0144 p\u00f3\u017aniej w budynku Pawilonu Wyspia\u0144skiego zostanie otwarta wystawa pokonkursowa, kt\u00f3ra potrwa do 31 marca. Informujemy o mo\u017cliwo\u015bci skorzystania z bezp\u0142atnego parkingu podziemnego na terenie Centrum Kongresowego ICE. Przy wje\u017adzie prosimy o podanie has\u0142a: Planeta Lem.<\/p>\n<p>Planeta Lem b\u0119dzie w za\u0142o\u017ceniu otwart\u0105 przestrzeni\u0105 dla r\u00f3\u017cnorodnych inicjatyw o charakterze literackim, realizowanych pod wsp\u00f3lnym has\u0142em KMLU. Wierzymy w nasze spotkanie na konferencji b\u0119d\u0105cej wa\u017cnym krokiem na drodze do tego celu.<\/p>\n<p>Wi\u0119cej informacji na stronach internetowych <a href=\"http:\/\/www.biurofestiwalowe.pl\">www.biurofestiwalowe.pl<\/a> oraz <a href=\"http:\/\/www.sarp.krakow.pl\">www.sarp.krakow.pl<\/a><\/p>\n","protected":false},"excerpt":{"rendered":"<p>Krakowskie Biuro Festiwalowe wraz ze Stowarzyszeniem Architekt\u00f3w Polskich Oddzia\u0142 Krak\u00f3w serdecznie zapraszaj\u0105 na publiczne og\u0142oszenie wynik\u00f3w mi\u0119dzynarodowego, dwuetapowego, realizacyjnego konkursu architektoniczno-urbanistycznego, kt\u00f3rego celem jest utworzenie wielofunkcyjnego centrum literackiego pn. \u201eCentrum Literatury i J\u0119zyka \u2013 Planeta Lem\u201d, na terenie dawnego Sk\u0142adu &hellip; <a href=\"https:\/\/solaris.lem.pl\/blog\/planeta-lem-konkurs-wyniki\/\">Czytaj dalej <span class=\"meta-nav\">&rarr;<\/span><\/a><\/p>\n","protected":false},"author":1,"featured_media":0,"comment_status":"open","ping_status":"open","sticky":false,"template":"","format":"standard","meta":[],"categories":[3],"tags":[111],"_links":{"self":[{"href":"https:\/\/solaris.lem.pl\/blog\/wp-json\/wp\/v2\/posts\/797"}],"collection":[{"href":"https:\/\/solaris.lem.pl\/blog\/wp-json\/wp\/v2\/posts"}],"about":[{"href":"https:\/\/solaris.lem.pl\/blog\/wp-json\/wp\/v2\/types\/post"}],"author":[{"embeddable":true,"href":"https:\/\/solaris.lem.pl\/blog\/wp-json\/wp\/v2\/users\/1"}],"replies":[{"embeddable":true,"href":"https:\/\/solaris.lem.pl\/blog\/wp-json\/wp\/v2\/comments?post=797"}],"version-history":[{"count":2,"href":"https:\/\/solaris.lem.pl\/blog\/wp-json\/wp\/v2\/posts\/797\/revisions"}],"predecessor-version":[{"id":800,"href":"https:\/\/solaris.lem.pl\/blog\/wp-json\/wp\/v2\/posts\/797\/revisions\/800"}],"wp:attachment":[{"href":"https:\/\/solaris.lem.pl\/blog\/wp-json\/wp\/v2\/media?parent=797"}],"wp:term":[{"taxonomy":"category","embeddable":true,"href":"https:\/\/solaris.lem.pl\/blog\/wp-json\/wp\/v2\/categories?post=797"},{"taxonomy":"post_tag","embeddable":true,"href":"https:\/\/solaris.lem.pl\/blog\/wp-json\/wp\/v2\/tags?post=797"}],"curies":[{"name":"wp","href":"https:\/\/api.w.org\/{rel}","templated":true}]}}