{"id":675,"date":"2017-03-01T18:45:39","date_gmt":"2017-03-01T17:45:39","guid":{"rendered":"https:\/\/solaris.lem.pl\/blog\/?p=675"},"modified":"2017-03-01T18:56:46","modified_gmt":"2017-03-01T17:56:46","slug":"kosmos-lem-konferencja-naukowa-w-darmstadt","status":"publish","type":"post","link":"https:\/\/solaris.lem.pl\/blog\/kosmos-lem-konferencja-naukowa-w-darmstadt\/","title":{"rendered":"Kosmos Lem &#8211; konferencja w Darmstadt"},"content":{"rendered":"<p style=\"text-align: center;\"><a href=\"https:\/\/solaris.lem.pl\/blog\/wp-content\/uploads\/2017\/03\/darmstadt_konferencja_kosmos_lem-1.png\"><img loading=\"lazy\" class=\"aligncenter size-large wp-image-682\" src=\"https:\/\/solaris.lem.pl\/blog\/wp-content\/uploads\/2017\/03\/darmstadt_konferencja_kosmos_lem-1-1024x111.png\" alt=\"\" width=\"584\" height=\"63\" srcset=\"https:\/\/solaris.lem.pl\/blog\/wp-content\/uploads\/2017\/03\/darmstadt_konferencja_kosmos_lem-1-1024x111.png 1024w, https:\/\/solaris.lem.pl\/blog\/wp-content\/uploads\/2017\/03\/darmstadt_konferencja_kosmos_lem-1-300x33.png 300w, https:\/\/solaris.lem.pl\/blog\/wp-content\/uploads\/2017\/03\/darmstadt_konferencja_kosmos_lem-1-768x83.png 768w, https:\/\/solaris.lem.pl\/blog\/wp-content\/uploads\/2017\/03\/darmstadt_konferencja_kosmos_lem-1-500x54.png 500w, https:\/\/solaris.lem.pl\/blog\/wp-content\/uploads\/2017\/03\/darmstadt_konferencja_kosmos_lem-1.png 1476w\" sizes=\"(max-width: 584px) 100vw, 584px\" \/><\/a><\/p>\n<p style=\"text-align: center;\"><strong>Kosmos Lem<\/strong><br \/>\n<strong> Poetyka cywilizacji, analityka naukowa i filozofia kultury<\/strong><\/p>\n<p style=\"text-align: center;\"><strong>Mi\u0119dzynarodowa, interdyscyplinarna konferencja naukowa<\/strong><br \/>\n<strong> Darmstadt, 2-5 III 2017<\/strong><\/p>\n<p style=\"text-align: center;\"><strong>TU Darmstadt, budynek S1|03 (Hochschulstra\u00dfe 1), sala 113<\/strong><\/p>\n<p>&nbsp;<\/p>\n<p>Program:<\/p>\n<p style=\"text-align: center;\"><strong>Czwartek, 2 III 2017<\/strong><\/p>\n<p>15.00 Otwarcie konferencji<\/p>\n<p><strong>15.30 Sekcja 1: Obco\u015b\u0107 i inno\u015b\u0107 \u2013 poirytowane to\u017csamo\u015bci<\/strong><\/p>\n<ul>\n<li>Prowadzenie: Petra Gehring (Darmstadt)<\/li>\n<li>Anna Fabian (Bochum): \u201ePostawi\u0142em [&#8230;] moj\u0105 nog\u0119 na nieznanym \u015bwiecie.\u201c Przekraczanie granic i przej\u015bcia w Dziennikach gwiazdowych i Solaris<\/li>\n<li>Natasha Grigorian (Konstancja): Obco\u015b\u0107 i inno\u015b\u0107 w powie\u015bci Eden Stanis\u0142awa Lema<\/li>\n<li>Agnieszka Gajewska (Pozna\u0144): Pu\u0142apki na myszy, Holocaust nornic i szpinak. Nie-ludzcy towarzysze w felietonach oraz w korespondencji Stanis\u0142awa Lema<\/li>\n<li>Alexander Yurjewitsch Nesterov (Samara): Rzeczywiste i prawdziwe u S. Lema. Niekt\u00f3re symbole w \u015bwietle ontologii<\/li>\n<\/ul>\n<p>18.30 Przerwa, kolacja<\/p>\n<p><strong>20.00 Wyk\u0142ad wieczorny<\/strong><br \/>\n<strong> Stanis\u0142aw Bere\u015b (Wroc\u0142aw): Krymina\u0142y Lema<\/strong><br \/>\n<!--more--><\/p>\n<p style=\"text-align: center;\"><strong>Pi\u0105tek, 3 III 2017<\/strong><\/p>\n<p><strong>9.00 Sekcja 2: Nauka jako forma \u017cycia<\/strong><\/p>\n<ul>\n<li>Prowadzenie: Alfred Gall (Moguncja)<\/li>\n<li>Jerzy Jarz\u0119bski (Krak\u00f3w): Etyka spo\u0142ecznej technologii<\/li>\n<li>Michael Weingarten (Stuttgart): Fikcyjne, jednak mo\u017cliwe nauki<\/li>\n<li>Szymon Kolwas (Warszawa): \u0179r\u00f3d\u0142a technosceptycyzmu Lema<\/li>\n<li>Szymon Kululak (Krak\u00f3w): Odzwierciedlenie osi\u0105gni\u0119\u0107 realnej nauki w dzie\u0142ach Stanis\u0142awa Lema. Wybrane przyk\u0142ady<\/li>\n<\/ul>\n<p>12.00 Przerwa na obiad<\/p>\n<p><strong>13.30 Sekcja 3: Witalno\u015b\u0107 technologii<\/strong><\/p>\n<ul>\n<li>Prowadzenie: Alexander Friedrich (Darmstadt)<\/li>\n<li>Steffen Dietzsch (Berlin): Summa technologiae w XXI wieku? Pr\u00f3ba umiejscowienia i update<\/li>\n<li>Henrike Schmidt (Berlin): \u201eDoskona\u0142a pr\u00f3\u017cnia\u201c. Paradoksalny gatunek fikcyjnej antologii jako krytyka literatury i techniki<\/li>\n<li>Przemys\u0142aw Czapli\u0144ski (Pozna\u0144): Lem i Sebald: niepewne kosmosy<\/li>\n<\/ul>\n<p>16.00 Przerwa na kaw\u0119<\/p>\n<p><strong>16.30 Sekcja 4: Komunikacja a samorefleksyjno\u015b\u0107<\/strong><\/p>\n<ul>\n<li>Prowadzenie: Yvonne P\u00f6rzgen (Brema)<\/li>\n<li>Pawe\u0142 Oko\u0142owski (Warszawa): Stanis\u0142aw Lem: Lukrecjusz ze Lwowa<\/li>\n<li>Michael D\u00fcring (Kilonia): Szelki tak\u017ce s\u0105 inteligentne. Wywiady ze Stanis\u0142awem Lemem<\/li>\n<li>Olga Konstantinowa (Odessa): Perspektywy wsp\u00f3\u0142czesnych bada\u0144 j\u0119zykoznawczych po\u015bwi\u0119conych tekstom Stanis\u0142awa Lema<\/li>\n<\/ul>\n<p>18.30 Przerwa na kolacj\u0119<\/p>\n<p><strong>20.00 Spotkanie z pisarzem: Ernst Wilhelm H\u00e4ndler<\/strong><\/p>\n<p>Wyk\u0142ad: Mo\u017cliwo\u015bci i granice cybernetycznego zrozumienia literatury<\/p>\n<p style=\"text-align: center;\"><strong>Sobota, 4 III 2017<\/strong><\/p>\n<p><strong>9.00 Sekcja 5: Etos i patos podejmowania decyzji<\/strong><\/p>\n<ul>\n<li>Prowadzenie: Dieter Bingen (Darmstadt)<\/li>\n<li>Yvonne P\u00f6rzgen (Brema): Bezsilno\u015b\u0107 silnych: Decyzje u Lema<\/li>\n<li>Gabriele Gramelsberger (Witten-Herdecke): Lem goes reality<\/li>\n<li>Wladimir Velminski (Zurych): Psychotechnika<\/li>\n<li>Philipp Tvrdini\u0107 (Monachium): Stanis\u0142aw Lem a kybernetyka<\/li>\n<\/ul>\n<p>12.00 Przerwa na obiad<\/p>\n<p><strong>13.30 Sekcja 6: Kosmos: Czas i dynamika mi\u0119dzy teleologi\u0105 a ewolucj\u0105<\/strong><\/p>\n<ul>\n<li>Prowadzenie: Christoph Hubig (Darmstadt)<\/li>\n<li>Petra Gehring (Darmstadt): Lem jako filozof \u017cycia i techniki<\/li>\n<li>Benjamin B\u00fchler (Konstancja\/Berlin): Opowiedziane \u015brodowiska. Ekologia ewolucyjna w tw\u00f3rczo\u015bci Stanis\u0142awa Lema<\/li>\n<li>Alfred Gall (Moguncja): Pusta rzeczywisto\u015b\u0107: Derealizacja u Becketa, Gombrowicza i Lema<\/li>\n<\/ul>\n<p>16.00 Przerwa na kaw\u0119<\/p>\n<p><strong>16.30 Sekcja 7: Kontekstualizowa\u0107 Lema<\/strong><\/p>\n<ul>\n<li>Prowadzenie: Peter Oliver Loew (Darmstadt)<\/li>\n<li>Jacek Rzeszotnik (Wroc\u0142aw): Wschodnio- i zachodnioniemieckie paradygmaty recepcji i postrzegania w ekranizacji Kurta Maetziga Milcz\u0105ca gwiazda<\/li>\n<li>Wiktor Ja\u017aniewicz (Victor Yaznevich, Minsk): Recepcja tw\u00f3rczo\u015bci Stanis\u0142awa Lema w \u015bwiecie rosyjskoj\u0119zycznym<\/li>\n<li>Przemys\u0142aw Waszak (Toru\u0144): Kre\u015blony s\u0142owami w wyobra\u017ani \u015bwiat nowej sztuki<\/li>\n<li>Matthias Schwartz (Berlin): Science Fiction po holocau\u015bcie. O eksperymentalnej fantastyce Stanis\u0142awa Lema<\/li>\n<\/ul>\n<p>19.30 Kolacja na zako\u0144czenie konferencji<\/p>\n<p style=\"text-align: center;\"><strong>Niedziela, 5 III 2017<\/strong><\/p>\n<p>9.30 Spacer po Darmstadt<\/p>\n<p>11.00 Zako\u0144czenie wystawy \u201eBestiarium Lema wed\u0142ug Mroza\u201c<br \/>\nOdjazd<\/p>\n","protected":false},"excerpt":{"rendered":"<p>Kosmos Lem Poetyka cywilizacji, analityka naukowa i filozofia kultury Mi\u0119dzynarodowa, interdyscyplinarna konferencja naukowa Darmstadt, 2-5 III 2017 TU Darmstadt, budynek S1|03 (Hochschulstra\u00dfe 1), sala 113 &nbsp; Program: Czwartek, 2 III 2017 15.00 Otwarcie konferencji 15.30 Sekcja 1: Obco\u015b\u0107 i inno\u015b\u0107 &hellip; <a href=\"https:\/\/solaris.lem.pl\/blog\/kosmos-lem-konferencja-naukowa-w-darmstadt\/\">Czytaj dalej <span class=\"meta-nav\">&rarr;<\/span><\/a><\/p>\n","protected":false},"author":1,"featured_media":0,"comment_status":"open","ping_status":"open","sticky":false,"template":"","format":"standard","meta":[],"categories":[3],"tags":[100,101,102],"_links":{"self":[{"href":"https:\/\/solaris.lem.pl\/blog\/wp-json\/wp\/v2\/posts\/675"}],"collection":[{"href":"https:\/\/solaris.lem.pl\/blog\/wp-json\/wp\/v2\/posts"}],"about":[{"href":"https:\/\/solaris.lem.pl\/blog\/wp-json\/wp\/v2\/types\/post"}],"author":[{"embeddable":true,"href":"https:\/\/solaris.lem.pl\/blog\/wp-json\/wp\/v2\/users\/1"}],"replies":[{"embeddable":true,"href":"https:\/\/solaris.lem.pl\/blog\/wp-json\/wp\/v2\/comments?post=675"}],"version-history":[{"count":7,"href":"https:\/\/solaris.lem.pl\/blog\/wp-json\/wp\/v2\/posts\/675\/revisions"}],"predecessor-version":[{"id":685,"href":"https:\/\/solaris.lem.pl\/blog\/wp-json\/wp\/v2\/posts\/675\/revisions\/685"}],"wp:attachment":[{"href":"https:\/\/solaris.lem.pl\/blog\/wp-json\/wp\/v2\/media?parent=675"}],"wp:term":[{"taxonomy":"category","embeddable":true,"href":"https:\/\/solaris.lem.pl\/blog\/wp-json\/wp\/v2\/categories?post=675"},{"taxonomy":"post_tag","embeddable":true,"href":"https:\/\/solaris.lem.pl\/blog\/wp-json\/wp\/v2\/tags?post=675"}],"curies":[{"name":"wp","href":"https:\/\/api.w.org\/{rel}","templated":true}]}}