{"id":642,"date":"2016-12-07T15:29:44","date_gmt":"2016-12-07T14:29:44","guid":{"rendered":"http:\/\/solaris.lem.pl\/blog\/?p=642"},"modified":"2016-12-07T15:36:47","modified_gmt":"2016-12-07T14:36:47","slug":"stanislaw-lem-zagadki-i-paradoksy-wieczor-w-muzeum-polin","status":"publish","type":"post","link":"https:\/\/solaris.lem.pl\/blog\/stanislaw-lem-zagadki-i-paradoksy-wieczor-w-muzeum-polin\/","title":{"rendered":"Stanis\u0142aw Lem: zagadki i paradoksy \u2013 wiecz\u00f3r w Muzeum POLIN"},"content":{"rendered":"<p><a href=\"http:\/\/solaris.lem.pl\/blog\/wp-content\/uploads\/2016\/12\/muzeum_polin.jpg\"><img loading=\"lazy\" src=\"http:\/\/solaris.lem.pl\/blog\/wp-content\/uploads\/2016\/12\/muzeum_polin-1024x516.jpg\" alt=\"muzeum polin\" width=\"584\" height=\"294\" class=\"aligncenter size-large wp-image-644\" srcset=\"https:\/\/solaris.lem.pl\/blog\/wp-content\/uploads\/2016\/12\/muzeum_polin-1024x516.jpg 1024w, https:\/\/solaris.lem.pl\/blog\/wp-content\/uploads\/2016\/12\/muzeum_polin-300x151.jpg 300w, https:\/\/solaris.lem.pl\/blog\/wp-content\/uploads\/2016\/12\/muzeum_polin-768x387.jpg 768w, https:\/\/solaris.lem.pl\/blog\/wp-content\/uploads\/2016\/12\/muzeum_polin-500x252.jpg 500w, https:\/\/solaris.lem.pl\/blog\/wp-content\/uploads\/2016\/12\/muzeum_polin-900x453.jpg 900w\" sizes=\"(max-width: 584px) 100vw, 584px\" \/><\/a>W najbli\u017csz\u0105 niedziel\u0119 (11 grudnia) w <a href=\"http:\/\/www.polin.pl\/pl\/wydarzenie\/stanislaw-lem-zagadki-i-paradoksy-wydarzenie-specjalne\">muzeum POLIN<\/a> odb\u0119dzie si\u0119 wiecz\u00f3r literacki, po\u015bwi\u0119cone biografii i tw\u00f3rczo\u015bci Stanis\u0142awa Lema. Imprez\u0119 otwiera projekcja filmu dokumentalnego <a href=\"http:\/\/solaris.lem.pl\/blog\/autor-solaris\/\">&#8222;Autor Solaris&#8221;<\/a> w re\u017cyserii Borysa Lankosza. P\u00f3\u017aniej przewidziana jest dyskusja z udzia\u0142em redaktora Wojciecha Orli\u0144skiego oraz <a href=\"http:\/\/solaris.lem.pl\/o-lemie\/ksiazki-o-lemie\/agnieszka-gajewska\">dr Agnieszki Gajewskiej<\/a>, autork\u0105 pracy \u201eZag\u0142ada i gwiazdy. Przesz\u0142o\u015b\u0107 w prozie Stanis\u0142awa Lema\u201d. Jako prowadz\u0105cy wyst\u0105pi red. Tomasz Fia\u0142kowski, dziennikarz i krytyk literacki, wsp\u00f3\u0142autor ksi\u0105\u017cki &#8222;\u015awiat na kraw\u0119dzi&#8221;, blisko zwi\u0105zany z tw\u00f3rczo\u015bci\u0105 Lema.<\/p>\n<p>Spotkanie rozpocznie si\u0119 11 grudnia 2016 (niedziela) o godz. 18:00, wst\u0119p wolny!<\/p>\n<p>fot. W. Kry\u0144ski \/ Muzeum Historii \u017byd\u00f3w Polskich POLIN<\/p>\n","protected":false},"excerpt":{"rendered":"<p>W najbli\u017csz\u0105 niedziel\u0119 (11 grudnia) w muzeum POLIN odb\u0119dzie si\u0119 wiecz\u00f3r literacki, po\u015bwi\u0119cone biografii i tw\u00f3rczo\u015bci Stanis\u0142awa Lema. Imprez\u0119 otwiera projekcja filmu dokumentalnego &#8222;Autor Solaris&#8221; w re\u017cyserii Borysa Lankosza. P\u00f3\u017aniej przewidziana jest dyskusja z udzia\u0142em redaktora Wojciecha Orli\u0144skiego oraz dr &hellip; <a href=\"https:\/\/solaris.lem.pl\/blog\/stanislaw-lem-zagadki-i-paradoksy-wieczor-w-muzeum-polin\/\">Czytaj dalej <span class=\"meta-nav\">&rarr;<\/span><\/a><\/p>\n","protected":false},"author":1,"featured_media":0,"comment_status":"open","ping_status":"open","sticky":false,"template":"","format":"standard","meta":[],"categories":[3],"tags":[97],"_links":{"self":[{"href":"https:\/\/solaris.lem.pl\/blog\/wp-json\/wp\/v2\/posts\/642"}],"collection":[{"href":"https:\/\/solaris.lem.pl\/blog\/wp-json\/wp\/v2\/posts"}],"about":[{"href":"https:\/\/solaris.lem.pl\/blog\/wp-json\/wp\/v2\/types\/post"}],"author":[{"embeddable":true,"href":"https:\/\/solaris.lem.pl\/blog\/wp-json\/wp\/v2\/users\/1"}],"replies":[{"embeddable":true,"href":"https:\/\/solaris.lem.pl\/blog\/wp-json\/wp\/v2\/comments?post=642"}],"version-history":[{"count":4,"href":"https:\/\/solaris.lem.pl\/blog\/wp-json\/wp\/v2\/posts\/642\/revisions"}],"predecessor-version":[{"id":647,"href":"https:\/\/solaris.lem.pl\/blog\/wp-json\/wp\/v2\/posts\/642\/revisions\/647"}],"wp:attachment":[{"href":"https:\/\/solaris.lem.pl\/blog\/wp-json\/wp\/v2\/media?parent=642"}],"wp:term":[{"taxonomy":"category","embeddable":true,"href":"https:\/\/solaris.lem.pl\/blog\/wp-json\/wp\/v2\/categories?post=642"},{"taxonomy":"post_tag","embeddable":true,"href":"https:\/\/solaris.lem.pl\/blog\/wp-json\/wp\/v2\/tags?post=642"}],"curies":[{"name":"wp","href":"https:\/\/api.w.org\/{rel}","templated":true}]}}