{"id":63,"date":"2015-04-22T14:54:49","date_gmt":"2015-04-22T12:54:49","guid":{"rendered":"http:\/\/solaris.lem.pl\/blog\/?p=63"},"modified":"2015-04-22T18:47:10","modified_gmt":"2015-04-22T16:47:10","slug":"kosmiczna-cytryna","status":"publish","type":"post","link":"https:\/\/solaris.lem.pl\/blog\/kosmiczna-cytryna\/","title":{"rendered":"Kosmiczna cytryna"},"content":{"rendered":"<p>Mi\u0142o nam powiadomi\u0107, \u017ce uczniowie z Gimnazjum nr 1 w L\u0119borku wyra\u017anie si\u0119 rozkr\u0119caj\u0105 i nie trac\u0105 m\u0142odzie\u0144czego zapa\u0142u. <a title=\"wi\u0119cej na temat projektu Pan Stanis\u0142aw\" href=\"http:\/\/solaris.lem.pl\/blog\/?p=13\">Projekt Pan Stanis\u0142aw, czyli szko\u0142a w kosmosie<\/a>, powsta\u0142 niejako w odpowiedzi na dramatyczny apel Ijona Tichego &#8222;Ratujmy Kosmos&#8221;. Sw\u00f3j g\u0142o\u015bny list otwarty w sprawie za\u015bmiecania i dewastacji przestrzeni kosmicznej bohater <a title=\"zobacz wi\u0119cej na temat ksi\u0105\u017cki\" href=\"http:\/\/solaris.lem.pl\/ksiazki\/beletrystyka\/dzienniki-gwiazdowe\">&#8222;Dziennik\u00f3w gwiazdowych&#8221;<\/a> ko\u0144czy s\u0142owami:<\/p>\n<blockquote><p>Znikn\u0119\u0142y ju\u017c z powierzchni planet takie gatunki, jak war\u0142aj modry czy przebizad uporek. Gin\u0105 tysi\u0105ce innych. Od chmur \u015bmieci powi\u0119kszaj\u0105 si\u0119 plamy na s\u0142o\u0144cach. Pami\u0119tam jeszcze czasy, kiedy najwi\u0119ksz\u0105 nagrod\u0105 dla dziecka by\u0142a obietnica niedzielnej przeja\u017cd\u017cki na Marsa, a teraz rozkapryszony malec nie zje \u015bniadania, je\u015bli ojciec nie wywo\u0142a dla\u0144 specjalnej eksplozji gwiazdy supernowej! Marnuj\u0105c dla takich zachcianek energi\u0119 kosmiczn\u0105, zanieczyszczaj\u0105c meteory i planety, pustosz\u0105c skarbiec Rezerwatu, na ka\u017cdym kroku pozostawiaj\u0105c po sobie w galaktycznych przestworzach skorupy, ogryzki, papiery, rujnujemy Wszech\u015bwiat, zamieniamy go w jedn\u0105 wielk\u0105 zbiornic\u0119 odpadk\u00f3w. Czas najwy\u017cszy opami\u0119ta\u0107 si\u0119 i przyst\u0105pi\u0107 do egzekwowania obowi\u0105zuj\u0105cych przepis\u00f3w. W prze\u015bwiadczeniu, \u017ce gro\u017ana jest ka\u017cda chwila zw\u0142oki, bij\u0119 na alarm, wzywaj\u0105c do ratowania Kosmosu.<\/p><\/blockquote>\n<p>Teraz m\u0142odzi argonauci\u00a0i przyszli astroin\u017cynierowie przes\u0142ali nam bardzo udany i sympatyczny projekt etykiety napoju gazowanego, kt\u00f3ry u\u015bwietni Dzie\u0144 Lema obchodzony w szkole. Na stronie <a href=\"http:\/\/panstanislaw.edu.pl\/\">http:\/\/panstanislaw.edu.pl\/<\/a> znajdziecie wi\u0119cej informacji oraz prac graficznych, inspirowanych tw\u00f3rczo\u015bci\u0105 Lema. Gratulujemy i oczywi\u015bcie trzymamy kciuki za kosmiczn\u0105 ekspansj\u0119.<\/p>\n<p><a href=\"http:\/\/solaris.lem.pl\/blog\/wp-content\/uploads\/2015\/04\/lem_kosmiczna_cytryna.jpg\"><img loading=\"lazy\" class=\"aligncenter size-large wp-image-64\" src=\"http:\/\/solaris.lem.pl\/blog\/wp-content\/uploads\/2015\/04\/lem_kosmiczna_cytryna-1024x486.jpg\" alt=\"lem_kosmiczna_cytryna\" width=\"584\" height=\"277\" srcset=\"https:\/\/solaris.lem.pl\/blog\/wp-content\/uploads\/2015\/04\/lem_kosmiczna_cytryna-1024x486.jpg 1024w, https:\/\/solaris.lem.pl\/blog\/wp-content\/uploads\/2015\/04\/lem_kosmiczna_cytryna-300x142.jpg 300w, https:\/\/solaris.lem.pl\/blog\/wp-content\/uploads\/2015\/04\/lem_kosmiczna_cytryna-500x237.jpg 500w, https:\/\/solaris.lem.pl\/blog\/wp-content\/uploads\/2015\/04\/lem_kosmiczna_cytryna-900x427.jpg 900w, https:\/\/solaris.lem.pl\/blog\/wp-content\/uploads\/2015\/04\/lem_kosmiczna_cytryna.jpg 1200w\" sizes=\"(max-width: 584px) 100vw, 584px\" \/><\/a><\/p>\n","protected":false},"excerpt":{"rendered":"<p>Mi\u0142o nam powiadomi\u0107, \u017ce uczniowie z Gimnazjum nr 1 w L\u0119borku wyra\u017anie si\u0119 rozkr\u0119caj\u0105 i nie trac\u0105 m\u0142odzie\u0144czego zapa\u0142u. Projekt Pan Stanis\u0142aw, czyli szko\u0142a w kosmosie, powsta\u0142 niejako w odpowiedzi na dramatyczny apel Ijona Tichego &#8222;Ratujmy Kosmos&#8221;. Sw\u00f3j g\u0142o\u015bny list &hellip; <a href=\"https:\/\/solaris.lem.pl\/blog\/kosmiczna-cytryna\/\">Czytaj dalej <span class=\"meta-nav\">&rarr;<\/span><\/a><\/p>\n","protected":false},"author":1,"featured_media":0,"comment_status":"open","ping_status":"open","sticky":false,"template":"","format":"standard","meta":[],"categories":[3],"tags":[],"_links":{"self":[{"href":"https:\/\/solaris.lem.pl\/blog\/wp-json\/wp\/v2\/posts\/63"}],"collection":[{"href":"https:\/\/solaris.lem.pl\/blog\/wp-json\/wp\/v2\/posts"}],"about":[{"href":"https:\/\/solaris.lem.pl\/blog\/wp-json\/wp\/v2\/types\/post"}],"author":[{"embeddable":true,"href":"https:\/\/solaris.lem.pl\/blog\/wp-json\/wp\/v2\/users\/1"}],"replies":[{"embeddable":true,"href":"https:\/\/solaris.lem.pl\/blog\/wp-json\/wp\/v2\/comments?post=63"}],"version-history":[{"count":3,"href":"https:\/\/solaris.lem.pl\/blog\/wp-json\/wp\/v2\/posts\/63\/revisions"}],"predecessor-version":[{"id":68,"href":"https:\/\/solaris.lem.pl\/blog\/wp-json\/wp\/v2\/posts\/63\/revisions\/68"}],"wp:attachment":[{"href":"https:\/\/solaris.lem.pl\/blog\/wp-json\/wp\/v2\/media?parent=63"}],"wp:term":[{"taxonomy":"category","embeddable":true,"href":"https:\/\/solaris.lem.pl\/blog\/wp-json\/wp\/v2\/categories?post=63"},{"taxonomy":"post_tag","embeddable":true,"href":"https:\/\/solaris.lem.pl\/blog\/wp-json\/wp\/v2\/tags?post=63"}],"curies":[{"name":"wp","href":"https:\/\/api.w.org\/{rel}","templated":true}]}}