{"id":598,"date":"2016-12-05T19:13:18","date_gmt":"2016-12-05T18:13:18","guid":{"rendered":"http:\/\/solaris.lem.pl\/blog\/?p=598"},"modified":"2016-12-07T10:31:29","modified_gmt":"2016-12-07T09:31:29","slug":"kongres-lemologiczny-relacja","status":"publish","type":"post","link":"https:\/\/solaris.lem.pl\/blog\/kongres-lemologiczny-relacja\/","title":{"rendered":"Kongres Lemologiczny &#8211; relacja"},"content":{"rendered":"<p class=\"led\">W 2016 roku profesor Stanis\u0142aw Bere\u015b dokona\u0142 cudu nad Odr\u0105 i zorganizowa\u0142 interdyscyplinarn\u0105, pe\u0142n\u0105 wigoru imprez\u0119, kt\u00f3ra po\u0142\u0105czy\u0142a atrakcyjn\u0105 formu\u0142\u0119 z solidn\u0105 podstaw\u0105 merytoryczn\u0105, dzi\u0119ki czemu zapisze si\u0119 w anna\u0142ach lemologii.<\/p>\n<div class=\"dymek\"><\/div>\n<p><a href=\"http:\/\/solaris.lem.pl\/blog\/wp-content\/uploads\/2016\/12\/kongres_lemologiczny_esk_stanislaw_beres_01.jpg\"><img loading=\"lazy\" class=\"aligncenter size-large wp-image-621\" src=\"http:\/\/solaris.lem.pl\/blog\/wp-content\/uploads\/2016\/12\/kongres_lemologiczny_esk_stanislaw_beres_01-1024x710.jpg\" alt=\"stanislaw bere\u015b kongres lemologiczny\" width=\"584\" height=\"405\" srcset=\"https:\/\/solaris.lem.pl\/blog\/wp-content\/uploads\/2016\/12\/kongres_lemologiczny_esk_stanislaw_beres_01-1024x710.jpg 1024w, https:\/\/solaris.lem.pl\/blog\/wp-content\/uploads\/2016\/12\/kongres_lemologiczny_esk_stanislaw_beres_01-300x208.jpg 300w, https:\/\/solaris.lem.pl\/blog\/wp-content\/uploads\/2016\/12\/kongres_lemologiczny_esk_stanislaw_beres_01-768x532.jpg 768w, https:\/\/solaris.lem.pl\/blog\/wp-content\/uploads\/2016\/12\/kongres_lemologiczny_esk_stanislaw_beres_01-433x300.jpg 433w, https:\/\/solaris.lem.pl\/blog\/wp-content\/uploads\/2016\/12\/kongres_lemologiczny_esk_stanislaw_beres_01-900x624.jpg 900w, https:\/\/solaris.lem.pl\/blog\/wp-content\/uploads\/2016\/12\/kongres_lemologiczny_esk_stanislaw_beres_01.jpg 1500w\" sizes=\"(max-width: 584px) 100vw, 584px\" \/><\/a><\/p>\n<p>W ostatnich trzech dniach listopada we Wroc\u0142awiu obradowa\u0142 intensywnie, pod troskliw\u0105 opiek\u0105 <a href=\"http:\/\/www.wroclaw2016.pl\/\">Europejskiej Stolicy Kultury<\/a>, <a href=\"http:\/\/solaris.lem.pl\/blog\/kongres-lemologiczny\/\">Kongres Lemologiczny<\/a>. Lem jest gigantem, kt\u00f3rego jak Guliwera w krainie Liliput\u00f3w usi\u0142uj\u0105 uchwyci\u0107 rzesze humanist\u00f3w oraz przedstawicieli nauk \u015bcis\u0142ych. Najcz\u0119\u015bciej jednak ci pierwsi dzia\u0142aj\u0105 w pewnej izolacji od drugich. Tymczasem Bere\u015b zgromadzi\u0142 w jednym miejscu wybitnych ekspert\u00f3w, profesor\u00f3w r\u00f3\u017cnych dziedzin: polonist\u00f3w, filmoznawc\u00f3w, filozof\u00f3w, j\u0119zykoznawc\u00f3w, pisarzy, t\u0142umaczy, astrofizyk\u00f3w, biolog\u00f3w i fizyk\u00f3w kwantowych. Ten wysi\u0142ek zdecydowanie op\u0142aci\u0142 si\u0119 i odkry\u0142 przed nami wielowymiarow\u0105 map\u0119 dorobku Stanis\u0142awa Lema.<br \/>\n<!--more--><\/p>\n<p><a href=\"http:\/\/solaris.lem.pl\/blog\/wp-content\/uploads\/2016\/12\/kongres_lemologiczny_esk_panel_3_adaptacje_01.jpg\"><img loading=\"lazy\" class=\"aligncenter size-large wp-image-620\" src=\"http:\/\/solaris.lem.pl\/blog\/wp-content\/uploads\/2016\/12\/kongres_lemologiczny_esk_panel_3_adaptacje_01-1024x710.jpg\" alt=\"kongres_lemologiczny_esk_panel_3_adaptacje_01\" width=\"584\" height=\"405\" srcset=\"https:\/\/solaris.lem.pl\/blog\/wp-content\/uploads\/2016\/12\/kongres_lemologiczny_esk_panel_3_adaptacje_01-1024x710.jpg 1024w, https:\/\/solaris.lem.pl\/blog\/wp-content\/uploads\/2016\/12\/kongres_lemologiczny_esk_panel_3_adaptacje_01-300x208.jpg 300w, https:\/\/solaris.lem.pl\/blog\/wp-content\/uploads\/2016\/12\/kongres_lemologiczny_esk_panel_3_adaptacje_01-768x532.jpg 768w, https:\/\/solaris.lem.pl\/blog\/wp-content\/uploads\/2016\/12\/kongres_lemologiczny_esk_panel_3_adaptacje_01-433x300.jpg 433w, https:\/\/solaris.lem.pl\/blog\/wp-content\/uploads\/2016\/12\/kongres_lemologiczny_esk_panel_3_adaptacje_01-900x624.jpg 900w, https:\/\/solaris.lem.pl\/blog\/wp-content\/uploads\/2016\/12\/kongres_lemologiczny_esk_panel_3_adaptacje_01.jpg 1500w\" sizes=\"(max-width: 584px) 100vw, 584px\" \/><\/a><br \/>\n<a href=\"http:\/\/solaris.lem.pl\/blog\/wp-content\/uploads\/2016\/12\/kongres_lemologiczny_esk_panel_2_jan_miodek_01.jpg\"><img loading=\"lazy\" class=\"alignright size-medium wp-image-623\" src=\"http:\/\/solaris.lem.pl\/blog\/wp-content\/uploads\/2016\/12\/kongres_lemologiczny_esk_panel_2_jan_miodek_01-196x300.jpg\" alt=\"kongres_lemologiczny_esk_panel_2_jan_miodek_01\" width=\"196\" height=\"300\" srcset=\"https:\/\/solaris.lem.pl\/blog\/wp-content\/uploads\/2016\/12\/kongres_lemologiczny_esk_panel_2_jan_miodek_01-196x300.jpg 196w, https:\/\/solaris.lem.pl\/blog\/wp-content\/uploads\/2016\/12\/kongres_lemologiczny_esk_panel_2_jan_miodek_01-768x1175.jpg 768w, https:\/\/solaris.lem.pl\/blog\/wp-content\/uploads\/2016\/12\/kongres_lemologiczny_esk_panel_2_jan_miodek_01-669x1024.jpg 669w, https:\/\/solaris.lem.pl\/blog\/wp-content\/uploads\/2016\/12\/kongres_lemologiczny_esk_panel_2_jan_miodek_01-900x1377.jpg 900w, https:\/\/solaris.lem.pl\/blog\/wp-content\/uploads\/2016\/12\/kongres_lemologiczny_esk_panel_2_jan_miodek_01.jpg 1333w\" sizes=\"(max-width: 196px) 100vw, 196px\" \/><\/a>Na pocz\u0105tku by\u0142 pokaz filmu dokumentalnego <a href=\"http:\/\/solaris.lem.pl\/blog\/autor-solaris\/\">&#8222;Autor Solaris&#8221;<\/a> w re\u017cyserii Borysa Lankosza. Zaraz po nim, w ramach panelu &#8222;Lem na \u017cywo&#8221;, wys\u0142uchali\u015bmy wspomnie\u0144, z kt\u00f3rych pisarz wy\u0142ania si\u0119 jako osoba pe\u0142na pasji i ciekawo\u015bci poznawczej, troch\u0119 oderwana od spraw przyziemnych, bezkompromisowa, niecierpliwa, momentami wybuchowa i brutalnie szczera, jednak \u017cyczliwie nastawiona wobec najbli\u017cszego otoczenia. Potem j\u0119zykoznawcy pod batut\u0105 profesora Miodka pr\u00f3bowali dotrze\u0107 do \u017ar\u00f3de\u0142 fantastycznej obfito\u015bci i sprawno\u015bci j\u0119zykowej autora &#8222;Cyberiady&#8221;. Wreszcie grono szacownych filmoznawc\u00f3w zmierzy\u0142o si\u0119 z kilkudziesi\u0119cioma adaptacjami filmowymi i telewizyjnymi, jakie bujnie wykie\u0142kowa\u0142y na kanwie tw\u00f3rczo\u015bci Lema. Sam autor bardzo krytycznie podchodzi\u0142 do przer\u00f3bek swoich utwor\u00f3w na formy wizualne (ceni\u0142 tylko &#8222;Przek\u0142adaniec&#8221; Andrzeja Wajdy), jednak paneli\u015bci zgodnie stwierdzili, \u017ce cz\u0119\u015b\u0107 z nich wesz\u0142a do kanonu sztuki filmowej. Na deser uczestnikom zafundowano maraton filmowy, w postaci dw\u00f3ch ekranizacji &#8222;Solaris&#8221; &#8211; Tarkowskiego i Soderbergha.<\/p>\n<p><a href=\"http:\/\/solaris.lem.pl\/blog\/wp-content\/uploads\/2016\/12\/kongres_lemologiczny_esk_panel_6_lem_jako_diagnosta_01.jpg\"><img loading=\"lazy\" class=\"aligncenter size-large wp-image-616\" src=\"http:\/\/solaris.lem.pl\/blog\/wp-content\/uploads\/2016\/12\/kongres_lemologiczny_esk_panel_6_lem_jako_diagnosta_01-1024x710.jpg\" alt=\"kongres_lemologiczny_esk_panel_6_lem_jako_diagnosta_01\" width=\"584\" height=\"405\" srcset=\"https:\/\/solaris.lem.pl\/blog\/wp-content\/uploads\/2016\/12\/kongres_lemologiczny_esk_panel_6_lem_jako_diagnosta_01-1024x710.jpg 1024w, https:\/\/solaris.lem.pl\/blog\/wp-content\/uploads\/2016\/12\/kongres_lemologiczny_esk_panel_6_lem_jako_diagnosta_01-300x208.jpg 300w, https:\/\/solaris.lem.pl\/blog\/wp-content\/uploads\/2016\/12\/kongres_lemologiczny_esk_panel_6_lem_jako_diagnosta_01-768x532.jpg 768w, https:\/\/solaris.lem.pl\/blog\/wp-content\/uploads\/2016\/12\/kongres_lemologiczny_esk_panel_6_lem_jako_diagnosta_01-433x300.jpg 433w, https:\/\/solaris.lem.pl\/blog\/wp-content\/uploads\/2016\/12\/kongres_lemologiczny_esk_panel_6_lem_jako_diagnosta_01-900x624.jpg 900w, https:\/\/solaris.lem.pl\/blog\/wp-content\/uploads\/2016\/12\/kongres_lemologiczny_esk_panel_6_lem_jako_diagnosta_01.jpg 1500w\" sizes=\"(max-width: 584px) 100vw, 584px\" \/><\/a><\/p>\n<p>Dnia drugiego zjawiska zachodz\u0105ce na literackim niebosk\u0142onie Lema analizowali reprezentanci nauk przyrodniczych: fizycy i biolodzy. \u015awiatopogl\u0105d naukowy jest wpisany w osnow\u0119 ca\u0142ej tw\u00f3rczo\u015bci Lema, kt\u00f3ry odpowiedzialnie traktowa\u0142 pierwszy cz\u0142on nazwy <em>science fiction<\/em>. Pisarz znalaz\u0142 si\u0119 w krzy\u017cowym ogniu astrofizyki, mechaniki kwantowej, teorii ewolucji, neurobiologii oraz filozofii &#8211; i wyszed\u0142 z niego w\u0142a\u015bciwie bez szwanku. Szkoda tylko, \u017ce wiele koncepcji, kt\u00f3re przedstawi\u0142 mi\u0119dzy innymi w &#8222;Summie Technologiae&#8221;, nie przedosta\u0142o si\u0119 odpowiednio wcze\u015bnie do paradygmatu naukowego z powodu bariery j\u0119zykowej. Gdyby by\u0142 tw\u00f3rc\u0105 angielskim, zamiast wirtualnej rzeczywisto\u015bci mieliby\u015bmy dzisiaj <a href=\"http:\/\/solaris.lem.pl\/blog\/wirtualna-rzeczywistosc\/\">fantomatyk\u0119<\/a>, a intelektronika zast\u0105pi\u0142aby sztuczn\u0105 inteligencj\u0119.<\/p>\n<p><a href=\"http:\/\/solaris.lem.pl\/blog\/wp-content\/uploads\/2016\/12\/kongres_lemologiczny_esk_panel_8_lem_jako_ojciec_sf_02.jpg\"><img loading=\"lazy\" class=\"aligncenter size-large wp-image-619\" src=\"http:\/\/solaris.lem.pl\/blog\/wp-content\/uploads\/2016\/12\/kongres_lemologiczny_esk_panel_8_lem_jako_ojciec_sf_02-1024x710.jpg\" alt=\"kongres_lemologiczny_esk_panel_8_lem_jako_ojciec_sf_02\" width=\"584\" height=\"405\" srcset=\"https:\/\/solaris.lem.pl\/blog\/wp-content\/uploads\/2016\/12\/kongres_lemologiczny_esk_panel_8_lem_jako_ojciec_sf_02-1024x710.jpg 1024w, https:\/\/solaris.lem.pl\/blog\/wp-content\/uploads\/2016\/12\/kongres_lemologiczny_esk_panel_8_lem_jako_ojciec_sf_02-300x208.jpg 300w, https:\/\/solaris.lem.pl\/blog\/wp-content\/uploads\/2016\/12\/kongres_lemologiczny_esk_panel_8_lem_jako_ojciec_sf_02-768x532.jpg 768w, https:\/\/solaris.lem.pl\/blog\/wp-content\/uploads\/2016\/12\/kongres_lemologiczny_esk_panel_8_lem_jako_ojciec_sf_02-433x300.jpg 433w, https:\/\/solaris.lem.pl\/blog\/wp-content\/uploads\/2016\/12\/kongres_lemologiczny_esk_panel_8_lem_jako_ojciec_sf_02-900x624.jpg 900w, https:\/\/solaris.lem.pl\/blog\/wp-content\/uploads\/2016\/12\/kongres_lemologiczny_esk_panel_8_lem_jako_ojciec_sf_02.jpg 1500w\" sizes=\"(max-width: 584px) 100vw, 584px\" \/><\/a><\/p>\n<p><a href=\"http:\/\/solaris.lem.pl\/blog\/wp-content\/uploads\/2016\/12\/kongres_lemologiczny_esk_panel_8_jerzy_jarzebski_01.jpg\"><img loading=\"lazy\" class=\"alignright size-medium wp-image-613\" src=\"http:\/\/solaris.lem.pl\/blog\/wp-content\/uploads\/2016\/12\/kongres_lemologiczny_esk_panel_8_jerzy_jarzebski_01-195x300.jpg\" alt=\"jerzy jarz\u0119bski kongres lemologiczny\" width=\"195\" height=\"300\" srcset=\"https:\/\/solaris.lem.pl\/blog\/wp-content\/uploads\/2016\/12\/kongres_lemologiczny_esk_panel_8_jerzy_jarzebski_01-195x300.jpg 195w, https:\/\/solaris.lem.pl\/blog\/wp-content\/uploads\/2016\/12\/kongres_lemologiczny_esk_panel_8_jerzy_jarzebski_01-768x1183.jpg 768w, https:\/\/solaris.lem.pl\/blog\/wp-content\/uploads\/2016\/12\/kongres_lemologiczny_esk_panel_8_jerzy_jarzebski_01-665x1024.jpg 665w, https:\/\/solaris.lem.pl\/blog\/wp-content\/uploads\/2016\/12\/kongres_lemologiczny_esk_panel_8_jerzy_jarzebski_01-900x1386.jpg 900w, https:\/\/solaris.lem.pl\/blog\/wp-content\/uploads\/2016\/12\/kongres_lemologiczny_esk_panel_8_jerzy_jarzebski_01.jpg 1000w\" sizes=\"(max-width: 195px) 100vw, 195px\" \/><\/a>W dniu trzecim o Lema upomnieli si\u0119 humani\u015bci. Najpierw kwiat polskich lemolog\u00f3w, dowodzony przez profesora Jerzego Jarz\u0119bskiego, przypu\u015bci\u0142 szturm na pierwsze ksi\u0105\u017cki Stanis\u0142awa Lema, zastanawiaj\u0105c si\u0119, jak potoczy\u0142aby si\u0119 jego kariera, gdyby cenzura nie zablokowa\u0142a wydania realistycznego &#8222;Szpitala Przemienienia&#8221;. Potem w dyskusji &#8222;Lem jako ojciec polskiej fantastyki&#8221; najbardziej znani przedstawiciele gatunku przyznali, \u017ce cho\u0107 \u017cycie w cieniu wielkiego protoplasty nigdy nie by\u0142o \u0142atwe, to SF nie osi\u0105gn\u0119\u0142aby w Polsce takiego poziomu, gdyby nie dziedzictwo Lema. Ostatni, dziewi\u0105ty panel, po\u015bwi\u0119cony by\u0142 fenomenowi popularno\u015bci pisarza za granic\u0105, gdzie ukaza\u0142o si\u0119 oko\u0142o 1500 wyda\u0144 w 45 j\u0119zykach. Co ciekawe, w ci\u0105gu ostatniej dekady liczba nowych edycji i przek\u0142ad\u00f3w wzrasta!<\/p>\n<p>Sw\u00f3j w\u0142asny rozdzia\u0142 dopisa\u0142a publiczno\u015b\u0107, kt\u00f3ra stawi\u0142a si\u0119 t\u0142umnie i aktywnie bra\u0142a udzia\u0142 we wszystkich panelach. Na sali panowa\u0142 od\u017cywczy ferment intelektualny, spotkania wykracza\u0142y poza narzucone im ramy czasowe, a debaty by\u0142y nami\u0119tne i p\u0142odne. Sukces profesora Beresia ma r\u00f3wnie\u017c trzy matki, czyli osoby bezpo\u015brednio zaanga\u017cowane w organizacj\u0119 kongresu: Katarzyn\u0119 Batorowicz-Wo\u0142owiec, Katarzyn\u0119 Janusik oraz Mart\u0119 Kiewel. Temperatura dyskusji powodowa\u0142a czasem sprz\u0119\u017cenia sprz\u0119tu nag\u0142a\u015bniaj\u0105cego, ale to chyba by\u0142 jedyny zgrzyt tej wyj\u0105tkowo udanej imprezy.<\/p>\n<p>Dzi\u0119kujemy Ci, Stanis\u0142awie!<\/p>\n","protected":false},"excerpt":{"rendered":"<p>W 2016 roku profesor Stanis\u0142aw Bere\u015b dokona\u0142 cudu nad Odr\u0105 i zorganizowa\u0142 interdyscyplinarn\u0105, pe\u0142n\u0105 wigoru imprez\u0119, kt\u00f3ra po\u0142\u0105czy\u0142a atrakcyjn\u0105 formu\u0142\u0119 z solidn\u0105 podstaw\u0105 merytoryczn\u0105, dzi\u0119ki czemu zapisze si\u0119 w anna\u0142ach lemologii. W ostatnich trzech dniach listopada we Wroc\u0142awiu obradowa\u0142 intensywnie, &hellip; <a href=\"https:\/\/solaris.lem.pl\/blog\/kongres-lemologiczny-relacja\/\">Czytaj dalej <span class=\"meta-nav\">&rarr;<\/span><\/a><\/p>\n","protected":false},"author":1,"featured_media":0,"comment_status":"open","ping_status":"open","sticky":false,"template":"","format":"standard","meta":[],"categories":[3],"tags":[93,95,76,96,92,94],"_links":{"self":[{"href":"https:\/\/solaris.lem.pl\/blog\/wp-json\/wp\/v2\/posts\/598"}],"collection":[{"href":"https:\/\/solaris.lem.pl\/blog\/wp-json\/wp\/v2\/posts"}],"about":[{"href":"https:\/\/solaris.lem.pl\/blog\/wp-json\/wp\/v2\/types\/post"}],"author":[{"embeddable":true,"href":"https:\/\/solaris.lem.pl\/blog\/wp-json\/wp\/v2\/users\/1"}],"replies":[{"embeddable":true,"href":"https:\/\/solaris.lem.pl\/blog\/wp-json\/wp\/v2\/comments?post=598"}],"version-history":[{"count":21,"href":"https:\/\/solaris.lem.pl\/blog\/wp-json\/wp\/v2\/posts\/598\/revisions"}],"predecessor-version":[{"id":641,"href":"https:\/\/solaris.lem.pl\/blog\/wp-json\/wp\/v2\/posts\/598\/revisions\/641"}],"wp:attachment":[{"href":"https:\/\/solaris.lem.pl\/blog\/wp-json\/wp\/v2\/media?parent=598"}],"wp:term":[{"taxonomy":"category","embeddable":true,"href":"https:\/\/solaris.lem.pl\/blog\/wp-json\/wp\/v2\/categories?post=598"},{"taxonomy":"post_tag","embeddable":true,"href":"https:\/\/solaris.lem.pl\/blog\/wp-json\/wp\/v2\/tags?post=598"}],"curies":[{"name":"wp","href":"https:\/\/api.w.org\/{rel}","templated":true}]}}