{"id":536,"date":"2016-10-31T14:55:03","date_gmt":"2016-10-31T13:55:03","guid":{"rendered":"http:\/\/solaris.lem.pl\/blog\/?p=536"},"modified":"2016-11-06T10:10:33","modified_gmt":"2016-11-06T09:10:33","slug":"autor-solaris","status":"publish","type":"post","link":"https:\/\/solaris.lem.pl\/blog\/autor-solaris\/","title":{"rendered":"&#8222;Autor Solaris&#8221;"},"content":{"rendered":"<p><a href=\"http:\/\/solaris.lem.pl\/blog\/wp-content\/uploads\/2015\/10\/borys_lankosz_autor_solaris_stanislaw_lem_00.jpg\"><img loading=\"lazy\" class=\"alignright size-large wp-image-556\" src=\"http:\/\/solaris.lem.pl\/blog\/wp-content\/uploads\/2015\/10\/borys_lankosz_autor_solaris_stanislaw_lem_00-1024x682.jpg\" alt=\"borys_lankosz_autor_solaris_stanislaw_lem_00\" width=\"584\" height=\"389\" srcset=\"https:\/\/solaris.lem.pl\/blog\/wp-content\/uploads\/2015\/10\/borys_lankosz_autor_solaris_stanislaw_lem_00-1024x682.jpg 1024w, https:\/\/solaris.lem.pl\/blog\/wp-content\/uploads\/2015\/10\/borys_lankosz_autor_solaris_stanislaw_lem_00-300x200.jpg 300w, https:\/\/solaris.lem.pl\/blog\/wp-content\/uploads\/2015\/10\/borys_lankosz_autor_solaris_stanislaw_lem_00-768x512.jpg 768w, https:\/\/solaris.lem.pl\/blog\/wp-content\/uploads\/2015\/10\/borys_lankosz_autor_solaris_stanislaw_lem_00-450x300.jpg 450w, https:\/\/solaris.lem.pl\/blog\/wp-content\/uploads\/2015\/10\/borys_lankosz_autor_solaris_stanislaw_lem_00-900x600.jpg 900w, https:\/\/solaris.lem.pl\/blog\/wp-content\/uploads\/2015\/10\/borys_lankosz_autor_solaris_stanislaw_lem_00.jpg 1316w\" sizes=\"(max-width: 584px) 100vw, 584px\" \/><\/a><\/p>\n<div style=\"float: right; width: 240;\"><a href=\"http:\/\/solaris.lem.pl\/blog\/wp-content\/uploads\/2015\/10\/borys_lankosz_autor_solaris_stanislaw_lem_01-1-1024x734.jpg\"><img loading=\"lazy\" class=\"clearight alignright\" src=\"http:\/\/solaris.lem.pl\/blog\/wp-content\/uploads\/2015\/10\/borys_lankosz_autor_solaris_stanislaw_lem_01-1-1024x734.jpg\" alt=\"Borys Lankosz Stanislaw Lem Autor Solaris\" width=\"240\" height=\"160\" \/><\/a><br \/>\n<a href=\"http:\/\/solaris.lem.pl\/blog\/wp-content\/uploads\/2015\/10\/borys_lankosz_autor_solaris_stanislaw_lem_02.jpg\"><br \/>\n<\/a><a href=\"http:\/\/solaris.lem.pl\/blog\/wp-content\/uploads\/2016\/10\/borys_lankosz_autor_solaris_stanislaw_lem_02.jpg\"><img loading=\"lazy\" class=\"alignright clearight\" src=\"http:\/\/solaris.lem.pl\/blog\/wp-content\/uploads\/2016\/10\/borys_lankosz_autor_solaris_stanislaw_lem_02-1024x768.jpg\" alt=\"Borys Lankosz Stanislaw Lem Autor Solaris\" width=\"240\" height=\"160\" \/><\/a><a href=\"http:\/\/solaris.lem.pl\/blog\/wp-content\/uploads\/2015\/10\/borys_lankosz_autor_solaris_stanislaw_lem_03-2.jpg\"><br \/>\n<img loading=\"lazy\" class=\"alignright clearight\" src=\"http:\/\/solaris.lem.pl\/blog\/wp-content\/uploads\/2015\/10\/borys_lankosz_autor_solaris_stanislaw_lem_03-2-1024x651.jpg\" alt=\"Borys Lankosz Stanislaw Lem Autor Solaris\" width=\"240\" height=\"160\" \/><\/a><a href=\"http:\/\/solaris.lem.pl\/blog\/wp-content\/uploads\/2015\/10\/borys_lankosz_autor_solaris_stanislaw_lem_06.jpg\"><br \/>\n<img loading=\"lazy\" class=\"alignright clearight\" src=\"http:\/\/solaris.lem.pl\/blog\/wp-content\/uploads\/2015\/10\/borys_lankosz_autor_solaris_stanislaw_lem_06-1024x684.jpg\" alt=\"Borys Lankosz Stanislaw Lem Autor Solaris\" width=\"240\" height=\"160\" \/><\/a><a href=\"http:\/\/solaris.lem.pl\/blog\/wp-content\/uploads\/2015\/10\/borys_lankosz_autor_solaris_stanislaw_lem_01.jpg\"><img loading=\"lazy\" class=\"clearight alignright\" src=\"http:\/\/solaris.lem.pl\/blog\/wp-content\/uploads\/2015\/10\/borys_lankosz_autor_solaris_stanislaw_lem_01-1024x683.jpg\" alt=\"Borys Lankosz Stanislaw Lem Autor Solaris\" width=\"240\" height=\"160\" \/><\/a><\/div>\n<p>W najbli\u017csze Zaduszki, 2 listopada o godzinie 20:00 w programie TVP Kultura, odb\u0119dzie si\u0119 premierowy pokaz filmu dokumentalnego &#8222;Autor Solaris&#8221;. Borys Lankosz, re\u017cyser kultowego &#8222;Rewersu&#8221; i &#8222;Ziarna prawdy&#8221;, rozpoczyna\u0142 karier\u0119 jako ceniony i nagradzany dokumentalista. Tym razem postanowi\u0142 zmierzy\u0107 si\u0119 z fenomenem Stanis\u0142awa Lema, staraj\u0105c si\u0119 rozwik\u0142a\u0107 zagadk\u0119 zdumiewaj\u0105cej wszechstronno\u015bci i popularno\u015bci pisarza. Obok unikatowych nagra\u0144, materia\u0142\u00f3w archiwalnych, wspomnie\u0144 i wypowiedzi ekspert\u00f3w, Lankosz wykorzystuje obszerne partie paradokumentalne oraz fabularne inscenizacje. Ca\u0142o\u015b\u0107 stanowi autorsk\u0105 pr\u00f3b\u0119 rekonstrukcji wypadk\u00f3w historycznych i okoliczno\u015bci, jakie wp\u0142yn\u0119\u0142y na kszta\u0142towanie si\u0119 osobowo\u015bci oraz rozw\u00f3j kariery literackiej Lema.<\/p>\n<p>Borys Lankosz zabiera widza w podr\u00f3\u017c do \u017ar\u00f3de\u0142 tw\u00f3rczo\u015bci autora, w kt\u00f3rego istnienie nie wierzy\u0142 jego s\u0142ynny kolega po fachu, Philip K. Dick. Re\u017cyser podchodzi do tego ambitnego zadania z szacunkiem, ale nie na kolanach. Trudno stre\u015bci\u0107 biografi\u0119 i dorobek tej rangi pisarza, erudyty i my\u015bliciela w ci\u0105gu zaledwie 51 minut, jednak film unika dydaktyzmu, laurkowych uproszcze\u0144, czy \u0142atwych kompromis\u00f3w. Klimat obrazu buduj\u0105 po\u017c\u00f3\u0142k\u0142e fotografie, listy, ryciny, fragmenty starych kronik i wyst\u0105pie\u0144 oraz uj\u0119cia kr\u0119cone niewprawn\u0105 r\u0119k\u0105 Stanis\u0142awa Lema na ta\u015bmie 8mm. Dokument dotyka temat\u00f3w trudnych i bolesnych, jakie nieuchronnie niesie ze sob\u0105 \u017cycie w cieniu dw\u00f3ch system\u00f3w totalitarnych. \u015awietnie ze swojego zadania wywi\u0105zuj\u0105 si\u0119 go\u015bcie, w\u015br\u00f3d kt\u00f3rych pojawiaj\u0105 si\u0119 znakomici lemolodzy: Stanis\u0142aw Bere\u015b, Tomasz Fia\u0142kowski, Jerzy Jarz\u0119bski, autor genialnych angielskich t\u0142umacze\u0144 Michael Kandel oraz ameryka\u0144ski historyk Timothy Snyder. Wojciech Orli\u0144ski wyst\u0105pi\u0142 tym razem w roli tw\u00f3rcy scenariusza. Paradoksalnie nieco s\u0142absze wra\u017cenie pozostawiaj\u0105 inscenizacje &#8222;Korzenia\u201d, &#8222;Jachtu Paradise&#8221; i &#8222;Cyberiady\u201d \u2014 by\u0107 mo\u017ce ze wzgl\u0119du na ich teatralny charakter.<\/p>\n<p>\u201eAutora Solaris&#8221; nale\u017cy uzna\u0107 za warto\u015bciow\u0105 propozycj\u0119 oraz godny polecenia przewodnik dla przysz\u0142ych i obecnych wielbicieli Stanis\u0142awa Lema.<\/p>\n<p>(zdj\u0119cia \u00a0z filmu Borys Lankosz &#8222;Autor Solaris&#8221; \u00a9 BLANKFILM PRODUCTION 2016)<\/p>\n<p>PS. Film jest ju\u017c dost\u0119pny on-line: <a href=\"http:\/\/vod.tvp.pl\/27517108\/autor-solaris\">http:\/\/vod.tvp.pl\/27517108\/autor-solaris<\/a><\/p>\n","protected":false},"excerpt":{"rendered":"<p>W najbli\u017csze Zaduszki, 2 listopada o godzinie 20:00 w programie TVP Kultura, odb\u0119dzie si\u0119 premierowy pokaz filmu dokumentalnego &#8222;Autor Solaris&#8221;. Borys Lankosz, re\u017cyser kultowego &#8222;Rewersu&#8221; i &#8222;Ziarna prawdy&#8221;, rozpoczyna\u0142 karier\u0119 jako ceniony i nagradzany dokumentalista. Tym razem postanowi\u0142 zmierzy\u0107 si\u0119 &hellip; <a href=\"https:\/\/solaris.lem.pl\/blog\/autor-solaris\/\">Czytaj dalej <span class=\"meta-nav\">&rarr;<\/span><\/a><\/p>\n","protected":false},"author":1,"featured_media":0,"comment_status":"open","ping_status":"open","sticky":false,"template":"","format":"standard","meta":[],"categories":[8,3],"tags":[87,88],"_links":{"self":[{"href":"https:\/\/solaris.lem.pl\/blog\/wp-json\/wp\/v2\/posts\/536"}],"collection":[{"href":"https:\/\/solaris.lem.pl\/blog\/wp-json\/wp\/v2\/posts"}],"about":[{"href":"https:\/\/solaris.lem.pl\/blog\/wp-json\/wp\/v2\/types\/post"}],"author":[{"embeddable":true,"href":"https:\/\/solaris.lem.pl\/blog\/wp-json\/wp\/v2\/users\/1"}],"replies":[{"embeddable":true,"href":"https:\/\/solaris.lem.pl\/blog\/wp-json\/wp\/v2\/comments?post=536"}],"version-history":[{"count":21,"href":"https:\/\/solaris.lem.pl\/blog\/wp-json\/wp\/v2\/posts\/536\/revisions"}],"predecessor-version":[{"id":575,"href":"https:\/\/solaris.lem.pl\/blog\/wp-json\/wp\/v2\/posts\/536\/revisions\/575"}],"wp:attachment":[{"href":"https:\/\/solaris.lem.pl\/blog\/wp-json\/wp\/v2\/media?parent=536"}],"wp:term":[{"taxonomy":"category","embeddable":true,"href":"https:\/\/solaris.lem.pl\/blog\/wp-json\/wp\/v2\/categories?post=536"},{"taxonomy":"post_tag","embeddable":true,"href":"https:\/\/solaris.lem.pl\/blog\/wp-json\/wp\/v2\/tags?post=536"}],"curies":[{"name":"wp","href":"https:\/\/api.w.org\/{rel}","templated":true}]}}