{"id":478,"date":"2016-07-15T10:23:31","date_gmt":"2016-07-15T08:23:31","guid":{"rendered":"http:\/\/solaris.lem.pl\/blog\/?p=478"},"modified":"2016-07-15T10:29:55","modified_gmt":"2016-07-15T08:29:55","slug":"po-wyjsciu-z-egiptu","status":"publish","type":"post","link":"https:\/\/solaris.lem.pl\/blog\/po-wyjsciu-z-egiptu\/","title":{"rendered":"Po wyj\u015bciu z Egiptu"},"content":{"rendered":"<h2 class=\"led\">W epoce wolno\u015bci ludzko\u015b\u0107 znalaz\u0142a si\u0119 w sytuacji \u017byd\u00f3w, gdy Moj\u017cesz wyprowadzi\u0142 ich z Egiptu. Potem czterdzie\u015bci lat chodzili po pustyni i b\u0142\u0105dzili.<\/h2>\n<blockquote><p><a href=\"http:\/\/solaris.lem.pl\/blog\/wp-content\/uploads\/2016\/07\/402px-Krotkie_Zwarcia_Wydawnictwo_Literackie_2004.jpg\"><img loading=\"lazy\" src=\"http:\/\/solaris.lem.pl\/blog\/wp-content\/uploads\/2016\/07\/402px-Krotkie_Zwarcia_Wydawnictwo_Literackie_2004-201x300.jpg\" alt=\"Lem Krotkie Zwarcia Wydawnictwo Literackie 2004\" width=\"201\" height=\"300\" class=\"alignright size-medium wp-image-480\" srcset=\"https:\/\/solaris.lem.pl\/blog\/wp-content\/uploads\/2016\/07\/402px-Krotkie_Zwarcia_Wydawnictwo_Literackie_2004-201x300.jpg 201w, https:\/\/solaris.lem.pl\/blog\/wp-content\/uploads\/2016\/07\/402px-Krotkie_Zwarcia_Wydawnictwo_Literackie_2004.jpg 402w\" sizes=\"(max-width: 201px) 100vw, 201px\" \/><\/a>W epoce wolno\u015bci ludzko\u015b\u0107 znalaz\u0142a si\u0119 \u2014 \u017ce u\u017cyj\u0119 biblijnego por\u00f3wnania \u2014 w sytuacji \u017byd\u00f3w, gdy Moj\u017cesz wyprowadzi\u0142 ich z Egiptu. Potem czterdzie\u015bci lat chodzili po pustyni i b\u0142\u0105dzili. To jest w\u0142a\u015bciwie obraz wsp\u00f3\u0142czesnej ludzko\u015bci. Nie ma celu, jest poczucie bezradno\u015bci wielkich organizacji, kt\u00f3re mia\u0142y nam przewodzi\u0107. M\u00f3wi si\u0119 ju\u017c, \u017ce si\u0142y mi\u0119dzynarodowe musz\u0105 si\u0119 z teren\u00f3w by\u0142ej Jugos\u0142awii po prostu wycofa\u0107, \u017ce tamtejsza wojna pozostanie nieustannym ogniskiem zapalnym. Stuletni dzi\u015b Ernst Junger, kt\u00f3rego Niemcy bardzo teraz szanuj\u0105 i czcz\u0105, mia\u0142 mo\u017ce racj\u0119, g\u0142osz\u0105c, \u017ce wojna, walka krwawa i b\u00f3j \u015bmiertelny s\u0105 naturalnym \u017cywio\u0142em cz\u0142owieka. Pisz\u0119 to wbrew sobie, bo pogl\u0105d taki znajduje si\u0119 na antypodach moich wcze\u015bniejszych wyobra\u017ce\u0144 o cz\u0142owieku i spo\u0142ecze\u0144stwie.<br \/>\n<note>Stanis\u0142aw Lem &#8222;Kr\u00f3tkie zwarcia&#8221;, Wydawnictwo Literackie, Krak\u00f3w 2004, str. 11 <\/note>\n<\/p><\/blockquote>\n","protected":false},"excerpt":{"rendered":"<p>W epoce wolno\u015bci ludzko\u015b\u0107 znalaz\u0142a si\u0119 w sytuacji \u017byd\u00f3w, gdy Moj\u017cesz wyprowadzi\u0142 ich z Egiptu. Potem czterdzie\u015bci lat chodzili po pustyni i b\u0142\u0105dzili. W epoce wolno\u015bci ludzko\u015b\u0107 znalaz\u0142a si\u0119 \u2014 \u017ce u\u017cyj\u0119 biblijnego por\u00f3wnania \u2014 w sytuacji \u017byd\u00f3w, gdy Moj\u017cesz &hellip; <a href=\"https:\/\/solaris.lem.pl\/blog\/po-wyjsciu-z-egiptu\/\">Czytaj dalej <span class=\"meta-nav\">&rarr;<\/span><\/a><\/p>\n","protected":false},"author":1,"featured_media":0,"comment_status":"open","ping_status":"open","sticky":false,"template":"","format":"standard","meta":[],"categories":[10],"tags":[77],"_links":{"self":[{"href":"https:\/\/solaris.lem.pl\/blog\/wp-json\/wp\/v2\/posts\/478"}],"collection":[{"href":"https:\/\/solaris.lem.pl\/blog\/wp-json\/wp\/v2\/posts"}],"about":[{"href":"https:\/\/solaris.lem.pl\/blog\/wp-json\/wp\/v2\/types\/post"}],"author":[{"embeddable":true,"href":"https:\/\/solaris.lem.pl\/blog\/wp-json\/wp\/v2\/users\/1"}],"replies":[{"embeddable":true,"href":"https:\/\/solaris.lem.pl\/blog\/wp-json\/wp\/v2\/comments?post=478"}],"version-history":[{"count":2,"href":"https:\/\/solaris.lem.pl\/blog\/wp-json\/wp\/v2\/posts\/478\/revisions"}],"predecessor-version":[{"id":481,"href":"https:\/\/solaris.lem.pl\/blog\/wp-json\/wp\/v2\/posts\/478\/revisions\/481"}],"wp:attachment":[{"href":"https:\/\/solaris.lem.pl\/blog\/wp-json\/wp\/v2\/media?parent=478"}],"wp:term":[{"taxonomy":"category","embeddable":true,"href":"https:\/\/solaris.lem.pl\/blog\/wp-json\/wp\/v2\/categories?post=478"},{"taxonomy":"post_tag","embeddable":true,"href":"https:\/\/solaris.lem.pl\/blog\/wp-json\/wp\/v2\/tags?post=478"}],"curies":[{"name":"wp","href":"https:\/\/api.w.org\/{rel}","templated":true}]}}