{"id":463,"date":"2016-04-11T18:41:34","date_gmt":"2016-04-11T16:41:34","guid":{"rendered":"http:\/\/solaris.lem.pl\/blog\/?p=463"},"modified":"2016-04-11T18:58:01","modified_gmt":"2016-04-11T16:58:01","slug":"krajobraz-po-debacie-czy-lem-byl-ostatnim-futorologiem","status":"publish","type":"post","link":"https:\/\/solaris.lem.pl\/blog\/krajobraz-po-debacie-czy-lem-byl-ostatnim-futorologiem\/","title":{"rendered":"Krajobraz po debacie &#8222;Czy Lem by\u0142 ostatnim futorologiem?&#8221;"},"content":{"rendered":"<p><iframe width=\"584\" height=\"329\" src=\"https:\/\/www.youtube.com\/embed\/FLnlCB3basE?feature=oembed\" frameborder=\"0\" allowfullscreen><\/iframe><\/p>\n<p>Publiczno\u015b\u0107 dopisa\u0142a i sala Arteteki dos\u0142ownie p\u0119ka\u0142a w szwach, co te\u017c prze\u0142o\u017cy\u0142o si\u0119 na pewne perturbacje z nag\u0142o\u015bnieniem imprezy. Musicie jednak sami rozstrzygn\u0105\u0107, czy szacownemu gremium uda\u0142o si\u0119 odpowiedzie\u0107 na tytu\u0142ow\u0105 kwesti\u0119, jakie jest miejsce Stanis\u0142awa Lema na mapie futurologii, b\u0105d\u017a &#8211; jak zaproponowa\u0142 Jacek Dukaj &#8211; retrofuturologii. Pr\u00f3ba wytyczenia dorobku prognostycznego autora <a href=\"http:\/\/solaris.lem.pl\/ksiazki\/eseje\/summa-technologiae\">&#8222;Summy Technologiae&#8221;<\/a> nieco zboczy\u0142a na dyskusj\u0119 na temat m\u0142odzie\u0144czego &#8222;Ob\u0142oku Magellana&#8221;, czyli utworu, kt\u00f3ry sam Lem uwa\u017ca\u0142 za marginalny oraz nieudany artystycznie. <\/p>\n\n\t\t<style type=\"text\/css\">\n\t\t\t#gallery-1 {\n\t\t\t\tmargin: auto;\n\t\t\t}\n\t\t\t#gallery-1 .gallery-item {\n\t\t\t\tfloat: left;\n\t\t\t\tmargin-top: 10px;\n\t\t\t\ttext-align: center;\n\t\t\t\twidth: 33%;\n\t\t\t}\n\t\t\t#gallery-1 img {\n\t\t\t\tborder: 2px solid #cfcfcf;\n\t\t\t}\n\t\t\t#gallery-1 .gallery-caption {\n\t\t\t\tmargin-left: 0;\n\t\t\t}\n\t\t\t\/* see gallery_shortcode() in wp-includes\/media.php *\/\n\t\t<\/style>\n\t\t<div id='gallery-1' class='gallery galleryid-463 gallery-columns-3 gallery-size-thumbnail'><dl class='gallery-item'>\n\t\t\t<dt class='gallery-icon landscape'>\n\t\t\t\t<a href='https:\/\/solaris.lem.pl\/blog\/krajobraz-po-debacie-czy-lem-byl-ostatnim-futorologiem\/wlem020\/'><img width=\"150\" height=\"150\" src=\"https:\/\/solaris.lem.pl\/blog\/wp-content\/uploads\/2016\/04\/WLem020-150x150.jpg\" class=\"attachment-thumbnail size-thumbnail\" alt=\"debata lem dukaj jarz\u0119bski orli\u0144ski\" loading=\"lazy\" aria-describedby=\"gallery-1-464\" srcset=\"https:\/\/solaris.lem.pl\/blog\/wp-content\/uploads\/2016\/04\/WLem020-150x150.jpg 150w, https:\/\/solaris.lem.pl\/blog\/wp-content\/uploads\/2016\/04\/WLem020-144x144.jpg 144w\" sizes=\"(max-width: 150px) 100vw, 150px\" \/><\/a>\n\t\t\t<\/dt>\n\t\t\t\t<dd class='wp-caption-text gallery-caption' id='gallery-1-464'>\n\t\t\t\t\u24d2 Wydawnictwo Literackie, fot. Micha\u0142 \u0141epecki.\n\t\t\t\t<\/dd><\/dl><dl class='gallery-item'>\n\t\t\t<dt class='gallery-icon landscape'>\n\t\t\t\t<a href='https:\/\/solaris.lem.pl\/blog\/krajobraz-po-debacie-czy-lem-byl-ostatnim-futorologiem\/wlem025\/'><img width=\"150\" height=\"150\" src=\"https:\/\/solaris.lem.pl\/blog\/wp-content\/uploads\/2016\/04\/WLem025-150x150.jpg\" class=\"attachment-thumbnail size-thumbnail\" alt=\"debata lem dukaj jarz\u0119bski orli\u0144ski\" loading=\"lazy\" aria-describedby=\"gallery-1-466\" srcset=\"https:\/\/solaris.lem.pl\/blog\/wp-content\/uploads\/2016\/04\/WLem025-150x150.jpg 150w, https:\/\/solaris.lem.pl\/blog\/wp-content\/uploads\/2016\/04\/WLem025-144x144.jpg 144w\" sizes=\"(max-width: 150px) 100vw, 150px\" \/><\/a>\n\t\t\t<\/dt>\n\t\t\t\t<dd class='wp-caption-text gallery-caption' id='gallery-1-466'>\n\t\t\t\t\u24d2 Wydawnictwo Literackie, fot. Micha\u0142 \u0141epecki.\n\t\t\t\t<\/dd><\/dl><dl class='gallery-item'>\n\t\t\t<dt class='gallery-icon landscape'>\n\t\t\t\t<a href='https:\/\/solaris.lem.pl\/blog\/krajobraz-po-debacie-czy-lem-byl-ostatnim-futorologiem\/wlem026\/'><img width=\"150\" height=\"150\" src=\"https:\/\/solaris.lem.pl\/blog\/wp-content\/uploads\/2016\/04\/WLem026-150x150.jpg\" class=\"attachment-thumbnail size-thumbnail\" alt=\"debata lem dukaj jarz\u0119bski orli\u0144ski\" loading=\"lazy\" aria-describedby=\"gallery-1-467\" srcset=\"https:\/\/solaris.lem.pl\/blog\/wp-content\/uploads\/2016\/04\/WLem026-150x150.jpg 150w, https:\/\/solaris.lem.pl\/blog\/wp-content\/uploads\/2016\/04\/WLem026-144x144.jpg 144w\" sizes=\"(max-width: 150px) 100vw, 150px\" \/><\/a>\n\t\t\t<\/dt>\n\t\t\t\t<dd class='wp-caption-text gallery-caption' id='gallery-1-467'>\n\t\t\t\t\u24d2 Wydawnictwo Literackie, fot. Micha\u0142 \u0141epecki.\n\t\t\t\t<\/dd><\/dl><br style=\"clear: both\" \/><dl class='gallery-item'>\n\t\t\t<dt class='gallery-icon landscape'>\n\t\t\t\t<a href='https:\/\/solaris.lem.pl\/blog\/krajobraz-po-debacie-czy-lem-byl-ostatnim-futorologiem\/wlem032\/'><img width=\"150\" height=\"150\" src=\"https:\/\/solaris.lem.pl\/blog\/wp-content\/uploads\/2016\/04\/WLem032-150x150.jpg\" class=\"attachment-thumbnail size-thumbnail\" alt=\"debata lem dukaj jarz\u0119bski orli\u0144ski\" loading=\"lazy\" aria-describedby=\"gallery-1-468\" srcset=\"https:\/\/solaris.lem.pl\/blog\/wp-content\/uploads\/2016\/04\/WLem032-150x150.jpg 150w, https:\/\/solaris.lem.pl\/blog\/wp-content\/uploads\/2016\/04\/WLem032-144x144.jpg 144w\" sizes=\"(max-width: 150px) 100vw, 150px\" \/><\/a>\n\t\t\t<\/dt>\n\t\t\t\t<dd class='wp-caption-text gallery-caption' id='gallery-1-468'>\n\t\t\t\t\u24d2 Wydawnictwo Literackie, fot. Micha\u0142 \u0141epecki.\n\t\t\t\t<\/dd><\/dl><dl class='gallery-item'>\n\t\t\t<dt class='gallery-icon landscape'>\n\t\t\t\t<a href='https:\/\/solaris.lem.pl\/blog\/krajobraz-po-debacie-czy-lem-byl-ostatnim-futorologiem\/wlem036\/'><img width=\"150\" height=\"150\" src=\"https:\/\/solaris.lem.pl\/blog\/wp-content\/uploads\/2016\/04\/WLem036-150x150.jpg\" class=\"attachment-thumbnail size-thumbnail\" alt=\"debata lem dukaj jarz\u0119bski orli\u0144ski\" loading=\"lazy\" aria-describedby=\"gallery-1-469\" srcset=\"https:\/\/solaris.lem.pl\/blog\/wp-content\/uploads\/2016\/04\/WLem036-150x150.jpg 150w, https:\/\/solaris.lem.pl\/blog\/wp-content\/uploads\/2016\/04\/WLem036-144x144.jpg 144w\" sizes=\"(max-width: 150px) 100vw, 150px\" \/><\/a>\n\t\t\t<\/dt>\n\t\t\t\t<dd class='wp-caption-text gallery-caption' id='gallery-1-469'>\n\t\t\t\t\u24d2 Wydawnictwo Literackie, fot. Micha\u0142 \u0141epecki.\n\t\t\t\t<\/dd><\/dl><dl class='gallery-item'>\n\t\t\t<dt class='gallery-icon landscape'>\n\t\t\t\t<a href='https:\/\/solaris.lem.pl\/blog\/krajobraz-po-debacie-czy-lem-byl-ostatnim-futorologiem\/wlem039\/'><img width=\"150\" height=\"150\" src=\"https:\/\/solaris.lem.pl\/blog\/wp-content\/uploads\/2016\/04\/WLem039-150x150.jpg\" class=\"attachment-thumbnail size-thumbnail\" alt=\"debata lem\" loading=\"lazy\" aria-describedby=\"gallery-1-470\" srcset=\"https:\/\/solaris.lem.pl\/blog\/wp-content\/uploads\/2016\/04\/WLem039-150x150.jpg 150w, https:\/\/solaris.lem.pl\/blog\/wp-content\/uploads\/2016\/04\/WLem039-144x144.jpg 144w\" sizes=\"(max-width: 150px) 100vw, 150px\" \/><\/a>\n\t\t\t<\/dt>\n\t\t\t\t<dd class='wp-caption-text gallery-caption' id='gallery-1-470'>\n\t\t\t\t\u24d2 Wydawnictwo Literackie, fot. Micha\u0142 \u0141epecki.\n\t\t\t\t<\/dd><\/dl><br style=\"clear: both\" \/>\n\t\t<\/div>\n\n","protected":false},"excerpt":{"rendered":"<p>Publiczno\u015b\u0107 dopisa\u0142a i sala Arteteki dos\u0142ownie p\u0119ka\u0142a w szwach, co te\u017c prze\u0142o\u017cy\u0142o si\u0119 na pewne perturbacje z nag\u0142o\u015bnieniem imprezy. Musicie jednak sami rozstrzygn\u0105\u0107, czy szacownemu gremium uda\u0142o si\u0119 odpowiedzie\u0107 na tytu\u0142ow\u0105 kwesti\u0119, jakie jest miejsce Stanis\u0142awa Lema na mapie futurologii, &hellip; <a href=\"https:\/\/solaris.lem.pl\/blog\/krajobraz-po-debacie-czy-lem-byl-ostatnim-futorologiem\/\">Czytaj dalej <span class=\"meta-nav\">&rarr;<\/span><\/a><\/p>\n","protected":false},"author":1,"featured_media":0,"comment_status":"open","ping_status":"open","sticky":false,"template":"","format":"standard","meta":[],"categories":[3],"tags":[74,76,75],"_links":{"self":[{"href":"https:\/\/solaris.lem.pl\/blog\/wp-json\/wp\/v2\/posts\/463"}],"collection":[{"href":"https:\/\/solaris.lem.pl\/blog\/wp-json\/wp\/v2\/posts"}],"about":[{"href":"https:\/\/solaris.lem.pl\/blog\/wp-json\/wp\/v2\/types\/post"}],"author":[{"embeddable":true,"href":"https:\/\/solaris.lem.pl\/blog\/wp-json\/wp\/v2\/users\/1"}],"replies":[{"embeddable":true,"href":"https:\/\/solaris.lem.pl\/blog\/wp-json\/wp\/v2\/comments?post=463"}],"version-history":[{"count":4,"href":"https:\/\/solaris.lem.pl\/blog\/wp-json\/wp\/v2\/posts\/463\/revisions"}],"predecessor-version":[{"id":474,"href":"https:\/\/solaris.lem.pl\/blog\/wp-json\/wp\/v2\/posts\/463\/revisions\/474"}],"wp:attachment":[{"href":"https:\/\/solaris.lem.pl\/blog\/wp-json\/wp\/v2\/media?parent=463"}],"wp:term":[{"taxonomy":"category","embeddable":true,"href":"https:\/\/solaris.lem.pl\/blog\/wp-json\/wp\/v2\/categories?post=463"},{"taxonomy":"post_tag","embeddable":true,"href":"https:\/\/solaris.lem.pl\/blog\/wp-json\/wp\/v2\/tags?post=463"}],"curies":[{"name":"wp","href":"https:\/\/api.w.org\/{rel}","templated":true}]}}