{"id":454,"date":"2016-03-30T15:41:49","date_gmt":"2016-03-30T13:41:49","guid":{"rendered":"http:\/\/solaris.lem.pl\/blog\/?p=454"},"modified":"2016-03-30T18:11:30","modified_gmt":"2016-03-30T16:11:30","slug":"czy-lem-byl-ostatnim-futurologiem","status":"publish","type":"post","link":"https:\/\/solaris.lem.pl\/blog\/czy-lem-byl-ostatnim-futurologiem\/","title":{"rendered":"Czy Lem by\u0142 ostatnim futurologiem?"},"content":{"rendered":"<h2 class=\"led\">Gdyby\u015bmy \u017cyli w kr\u00f3lestwach, pierwszych \u015bcinano by wsz\u0119dzie futurolog\u00f3w.<\/h2>\n<p><a href=\"http:\/\/solaris.lem.pl\/blog\/wp-content\/uploads\/2016\/03\/lemolot2016.jpg\" rel=\"attachment wp-att-456\"><img loading=\"lazy\" src=\"http:\/\/solaris.lem.pl\/blog\/wp-content\/uploads\/2016\/03\/lemolot2016-207x300.jpg\" alt=\"debata lem futurologia\" width=\"207\" height=\"300\" class=\"alignleft size-medium wp-image-456\" srcset=\"https:\/\/solaris.lem.pl\/blog\/wp-content\/uploads\/2016\/03\/lemolot2016-207x300.jpg 207w, https:\/\/solaris.lem.pl\/blog\/wp-content\/uploads\/2016\/03\/lemolot2016.jpg 553w\" sizes=\"(max-width: 207px) 100vw, 207px\" \/><\/a>Zapraszamy wszystkich na ciekawie zapowiadaj\u0105c\u0105 si\u0119 debat\u0119 &#8222;Czy Lem by\u0142 ostatnim futurologiem?&#8221; na temat osi\u0105gni\u0119\u0107 i perspektyw futurologii, zorganizowan\u0105 przez Wydawnictwo Literackie i Krakowskie Biuro Festiwalowe z okazji obchod\u00f3w dziesi\u0105tej rocznicy \u015bmierci Stanis\u0142awa Lema. Spotkanie u\u015bwietni udzia\u0142 <strong>Jerzego Jarz\u0119bskiego, Jacka Dukaja i prowadzenie Wojciecha Orli\u0144skiego<\/strong>. Oczywi\u015bcie tematem centralnym dyskusji b\u0119dzie tw\u00f3rczo\u015b\u0107 i dorobek autora &#8222;Solaris&#8221;.<\/p>\n<p><strong>Miejsce spotkania: Arteteka Wojew\u00f3dzkiej Biblioteki Publicznej (ul. Rajska 12, wej\u015bcie od ul. Szujskiego), godzina 18.30, 7 kwietnia 2016 roku.<\/strong><\/p>\n<p>Sam Stanis\u0142aw Lem nie ukrywa\u0142 swojego krytycznego stosunku do futurologii, chocia\u017c jego dokonania na tym polu wydaj\u0105 si\u0119 by\u0107 niepodwa\u017calne:<\/p>\n<blockquote><p>Musz\u0119 powiedzie\u0107, \u017ce mam bardzo z\u0142e mniemanie o futurologii. Wszystkie jej proroctwa to kupa \u015bmiechu. Zbyt du\u017co tego kupowa\u0142em i czyta\u0142em, a\u017ceby mie\u0107 jeszcze jakiekolwiek z\u0142udzenia. Futurologom najbardziej zale\u017ca\u0142o na takim przewidywaniu, kt\u00f3re by\u0142o w najwy\u017cszej cenie lub gwarantowa\u0142o estym\u0119 u polityk\u00f3w. A poniewa\u017c przewidywanie zaj\u015b\u0107 polityczno-militarnych, za kt\u00f3re oni przede wszystkim si\u0119 brali, jest absolutnie niemo\u017cliwe, wi\u0119c nic m\u0105drego z tego wyj\u015b\u0107 nie mog\u0142o. Natomiast to, co ma rzeczywiste, cho\u0107 upo\u015brednione oddzia\u0142ywanie, to znaczy technologiczne skutki bada\u0144 podstawowych w nauce, nie interesowa\u0142o ich zupe\u0142nie. Po pierwsze, problem ten w og\u00f3le nie wyda\u0142 si\u0119 im istotny, a po drugie, nie mogli si\u0119 z nim wybra\u0107 do szerokiej publiczno\u015bci.<br \/>\n<span class=\"note\">&#8222;Tako rzecze Lem. Ze Stanis\u0142awem Lemem rozmawia Stanis\u0142aw Bere\u015b&#8221;, Wydawnictwo Literackie, Krak\u00f3w 2002, str. 258<\/span><\/p><\/blockquote>\n<p>zobacz r\u00f3wnie\u017c: <a href=\"http:\/\/forum.lem.pl\/index.php?topic=384.0\">Co przewidzia\u0142 Lem<\/a><\/p>\n","protected":false},"excerpt":{"rendered":"<p>Gdyby\u015bmy \u017cyli w kr\u00f3lestwach, pierwszych \u015bcinano by wsz\u0119dzie futurolog\u00f3w. Zapraszamy wszystkich na ciekawie zapowiadaj\u0105c\u0105 si\u0119 debat\u0119 &#8222;Czy Lem by\u0142 ostatnim futurologiem?&#8221; na temat osi\u0105gni\u0119\u0107 i perspektyw futurologii, zorganizowan\u0105 przez Wydawnictwo Literackie i Krakowskie Biuro Festiwalowe z okazji obchod\u00f3w dziesi\u0105tej rocznicy &hellip; <a href=\"https:\/\/solaris.lem.pl\/blog\/czy-lem-byl-ostatnim-futurologiem\/\">Czytaj dalej <span class=\"meta-nav\">&rarr;<\/span><\/a><\/p>\n","protected":false},"author":1,"featured_media":0,"comment_status":"open","ping_status":"open","sticky":false,"template":"","format":"standard","meta":[],"categories":[3],"tags":[],"_links":{"self":[{"href":"https:\/\/solaris.lem.pl\/blog\/wp-json\/wp\/v2\/posts\/454"}],"collection":[{"href":"https:\/\/solaris.lem.pl\/blog\/wp-json\/wp\/v2\/posts"}],"about":[{"href":"https:\/\/solaris.lem.pl\/blog\/wp-json\/wp\/v2\/types\/post"}],"author":[{"embeddable":true,"href":"https:\/\/solaris.lem.pl\/blog\/wp-json\/wp\/v2\/users\/1"}],"replies":[{"embeddable":true,"href":"https:\/\/solaris.lem.pl\/blog\/wp-json\/wp\/v2\/comments?post=454"}],"version-history":[{"count":6,"href":"https:\/\/solaris.lem.pl\/blog\/wp-json\/wp\/v2\/posts\/454\/revisions"}],"predecessor-version":[{"id":461,"href":"https:\/\/solaris.lem.pl\/blog\/wp-json\/wp\/v2\/posts\/454\/revisions\/461"}],"wp:attachment":[{"href":"https:\/\/solaris.lem.pl\/blog\/wp-json\/wp\/v2\/media?parent=454"}],"wp:term":[{"taxonomy":"category","embeddable":true,"href":"https:\/\/solaris.lem.pl\/blog\/wp-json\/wp\/v2\/categories?post=454"},{"taxonomy":"post_tag","embeddable":true,"href":"https:\/\/solaris.lem.pl\/blog\/wp-json\/wp\/v2\/tags?post=454"}],"curies":[{"name":"wp","href":"https:\/\/api.w.org\/{rel}","templated":true}]}}