{"id":446,"date":"2016-02-18T16:16:56","date_gmt":"2016-02-18T15:16:56","guid":{"rendered":"http:\/\/solaris.lem.pl\/blog\/?p=446"},"modified":"2016-02-18T16:25:44","modified_gmt":"2016-02-18T15:25:44","slug":"ksiezniczka-krystala","status":"publish","type":"post","link":"https:\/\/solaris.lem.pl\/blog\/ksiezniczka-krystala\/","title":{"rendered":"Ksi\u0119\u017cniczka Krystala"},"content":{"rendered":"<blockquote><p><a href=\"http:\/\/solaris.lem.pl\/blog\/wp-content\/uploads\/2016\/02\/ksiezniczka_krystala_adam_lucki.jpg\" rel=\"attachment wp-att-447\"><img loading=\"lazy\" src=\"http:\/\/solaris.lem.pl\/blog\/wp-content\/uploads\/2016\/02\/ksiezniczka_krystala_adam_lucki-288x300.jpg\" alt=\"ksiezniczka krystala adam lucki\" width=\"288\" height=\"300\" class=\"alignright size-medium wp-image-447\" srcset=\"https:\/\/solaris.lem.pl\/blog\/wp-content\/uploads\/2016\/02\/ksiezniczka_krystala_adam_lucki-288x300.jpg 288w, https:\/\/solaris.lem.pl\/blog\/wp-content\/uploads\/2016\/02\/ksiezniczka_krystala_adam_lucki-768x799.jpg 768w, https:\/\/solaris.lem.pl\/blog\/wp-content\/uploads\/2016\/02\/ksiezniczka_krystala_adam_lucki-984x1024.jpg 984w, https:\/\/solaris.lem.pl\/blog\/wp-content\/uploads\/2016\/02\/ksiezniczka_krystala_adam_lucki-900x937.jpg 900w, https:\/\/solaris.lem.pl\/blog\/wp-content\/uploads\/2016\/02\/ksiezniczka_krystala_adam_lucki.jpg 1200w\" sizes=\"(max-width: 288px) 100vw, 288px\" \/><\/a>Kr\u00f3l Panceryk mia\u0142 c\u00f3rk\u0119, kt\u00f3rej pi\u0119kno przewy\u017csza\u0142o blask klejnot\u00f3w koronnych; ognie, odbijaj\u0105ce si\u0119 od jej lic lustrzanych, za\u0107miewa\u0142y umys\u0142 i oczy, a kiedy przechodzi\u0142a, to nawet ze zwyczajnego \u017celaza sypa\u0142y si\u0119 iskry elektryczne; wie\u015b\u0107 o niej si\u0119ga\u0142a najdalszych gwiazd.<br \/>\nUs\u0142ysza\u0142 o niej Ferrycy, nast\u0119pca tronu jonidzkiego, i zapragn\u0105\u0142 po\u0142\u0105czy\u0107 si\u0119 z ni\u0105 na wieki, tak aby ich wej\u015b\u0107 i wyj\u015b\u0107 nic ju\u017c nie mog\u0142o rozdzieli\u0107. Gdy wyjawi\u0142 to swemu rodzicowi, \u00f3w wielce si\u0119 zasmuci\u0142 i rzek\u0142:<br \/>\n\u2013 Synu m\u00f3j, zaiste szalony powzi\u0105\u0142e\u015b zamiar, nie spe\u0142ni si\u0119 on nigdy!<br \/>\n\u2013 Dlaczego, kr\u00f3lu i panie? \u2013 spyta\u0142 Ferrycy, zatrwo\u017cony tymi s\u0142owami.<br \/>\n\u2013 Czy nie wiesz o tym \u2013 rzek\u0142 kr\u00f3l \u2013 \u017ce kr\u00f3lewna Krystala \u015blubowa\u0142a nie po\u0142\u0105czy\u0107 si\u0119 z nikim innym, jak tylko z bladawcem?<br \/>\n<br \/>\n<note>&#8222;O kr\u00f3lewiczu Ferrycym i kr\u00f3lewnie Krystali&#8221;, w: Stanis\u0142aw Lem <a href=\"http:\/\/solaris.lem.pl\/ksiazki\/beletrystyka\/cyberiada\">\u201eCyberiada\u201d<\/a><br \/>\n<\/note><br \/>\n<note>Portret Ksi\u0119\u017cniczki Krystali autorstwa Adama \u0141uckiego.<\/note><\/p><\/blockquote>\n","protected":false},"excerpt":{"rendered":"<p>Kr\u00f3l Panceryk mia\u0142 c\u00f3rk\u0119, kt\u00f3rej pi\u0119kno przewy\u017csza\u0142o blask klejnot\u00f3w koronnych; ognie, odbijaj\u0105ce si\u0119 od jej lic lustrzanych, za\u0107miewa\u0142y umys\u0142 i oczy, a kiedy przechodzi\u0142a, to nawet ze zwyczajnego \u017celaza sypa\u0142y si\u0119 iskry elektryczne; wie\u015b\u0107 o niej si\u0119ga\u0142a najdalszych gwiazd. Us\u0142ysza\u0142 &hellip; <a href=\"https:\/\/solaris.lem.pl\/blog\/ksiezniczka-krystala\/\">Czytaj dalej <span class=\"meta-nav\">&rarr;<\/span><\/a><\/p>\n","protected":false},"author":1,"featured_media":0,"comment_status":"open","ping_status":"open","sticky":false,"template":"","format":"standard","meta":[],"categories":[10,16],"tags":[73,9,72],"_links":{"self":[{"href":"https:\/\/solaris.lem.pl\/blog\/wp-json\/wp\/v2\/posts\/446"}],"collection":[{"href":"https:\/\/solaris.lem.pl\/blog\/wp-json\/wp\/v2\/posts"}],"about":[{"href":"https:\/\/solaris.lem.pl\/blog\/wp-json\/wp\/v2\/types\/post"}],"author":[{"embeddable":true,"href":"https:\/\/solaris.lem.pl\/blog\/wp-json\/wp\/v2\/users\/1"}],"replies":[{"embeddable":true,"href":"https:\/\/solaris.lem.pl\/blog\/wp-json\/wp\/v2\/comments?post=446"}],"version-history":[{"count":4,"href":"https:\/\/solaris.lem.pl\/blog\/wp-json\/wp\/v2\/posts\/446\/revisions"}],"predecessor-version":[{"id":451,"href":"https:\/\/solaris.lem.pl\/blog\/wp-json\/wp\/v2\/posts\/446\/revisions\/451"}],"wp:attachment":[{"href":"https:\/\/solaris.lem.pl\/blog\/wp-json\/wp\/v2\/media?parent=446"}],"wp:term":[{"taxonomy":"category","embeddable":true,"href":"https:\/\/solaris.lem.pl\/blog\/wp-json\/wp\/v2\/categories?post=446"},{"taxonomy":"post_tag","embeddable":true,"href":"https:\/\/solaris.lem.pl\/blog\/wp-json\/wp\/v2\/tags?post=446"}],"curies":[{"name":"wp","href":"https:\/\/api.w.org\/{rel}","templated":true}]}}