{"id":440,"date":"2016-02-16T18:25:09","date_gmt":"2016-02-16T17:25:09","guid":{"rendered":"http:\/\/solaris.lem.pl\/blog\/?p=440"},"modified":"2016-02-18T16:26:07","modified_gmt":"2016-02-18T15:26:07","slug":"bladawiec","status":"publish","type":"post","link":"https:\/\/solaris.lem.pl\/blog\/bladawiec\/","title":{"rendered":"Bladawiec"},"content":{"rendered":"<blockquote><p><a href=\"http:\/\/solaris.lem.pl\/blog\/wp-content\/uploads\/2016\/02\/cyberiada_daniel_mroz_okladka.gif\" rel=\"attachment wp-att-441\"><img loading=\"lazy\" src=\"http:\/\/solaris.lem.pl\/blog\/wp-content\/uploads\/2016\/02\/cyberiada_daniel_mroz_okladka-206x300.gif\" alt=\"cyberiada daniel_mroz okladka\" width=\"206\" height=\"300\" class=\"alignright size-medium wp-image-441\" \/><\/a>\u2013\u00a0Bladawiec! \u2013 zawo\u0142a\u0142 Ferrycy. \u2013 A\u00a0c\u00f3\u017c\u00a0to mi takiego? Nie s\u0142ysza\u0142em jeszcze o\u00a0takiej istocie!<\/p>\n<p>\u2013\u00a0W\u00a0tym w\u0142a\u015bnie twoja niewinno\u015b\u0107, synu \u2013 odpar\u0142 kr\u00f3l. \u2013 Wiedz, \u017ce\u00a0ta rasa Galaktyki zrodzi\u0142a si\u0119 w\u00a0spos\u00f3b tyle\u017c tajemny, co\u00a0wszeteczny, a\u00a0to kiedy dosz\u0142o do\u00a0og\u00f3lnego nadpsucia cia\u0142 niebieskich; powsta\u0142y w\u00a0nich w\u00f3wczas opary i\u00a0odwary mokro-zimne i\u00a0z\u00a0nich ul\u0105g\u0142 si\u0119 r\u00f3d bladawc\u00f3w, ale nie od\u00a0razu. Najpierw byli ple\u015bnieniem i\u00a0pe\u0142zaniem, potem przelali si\u0119 z\u00a0oceanu na\u00a0l\u0105d, \u017cyj\u0105c z\u00a0wzajemnego si\u0119 po\u017cerania; a\u00a0im wi\u0119cej si\u0119 po\u017cerali, tym wi\u0119cej ich by\u0142o, nareszcie wyprostowali si\u0119, pozawieszawszy lepk\u0105 tre\u015b\u0107 sw\u0105 na\u00a0wapiennych rusztowaniach, i\u00a0pobudowali maszyny. Z\u00a0tych pramaszyn powsta\u0142y maszyny rozumne, kt\u00f3re sp\u0142odzi\u0142y maszyny m\u0105dre, kt\u00f3re wymy\u015bli\u0142y maszyny doskona\u0142e; albowiem zar\u00f3wno atom, jak i\u00a0Galaktyka s\u0105 maszyn\u0105, i\u00a0nie ma nic opr\u00f3cz maszyny, kt\u00f3ra jest wieczna!<\/p>\n<p>\u2013\u00a0Amen! \u2013 odpar\u0142 Ferrycy machinalnie, by\u0142a\u00a0to bowiem zwyk\u0142a formu\u0142ka religijna.<br \/>\n<br \/>\n<note>&#8222;O kr\u00f3lewiczu Ferrycym i kr\u00f3lewnie Krystali&#8221;, w: Stanis\u0142aw Lem <a href=\"http:\/\/solaris.lem.pl\/ksiazki\/beletrystyka\/cyberiada\">\u201eCyberiada\u201d<\/a><br \/>\n<\/note><\/p><\/blockquote>\n","protected":false},"excerpt":{"rendered":"<p>\u2013\u00a0Bladawiec! \u2013 zawo\u0142a\u0142 Ferrycy. \u2013 A\u00a0c\u00f3\u017c\u00a0to mi takiego? Nie s\u0142ysza\u0142em jeszcze o\u00a0takiej istocie! \u2013\u00a0W\u00a0tym w\u0142a\u015bnie twoja niewinno\u015b\u0107, synu \u2013 odpar\u0142 kr\u00f3l. \u2013 Wiedz, \u017ce\u00a0ta rasa Galaktyki zrodzi\u0142a si\u0119 w\u00a0spos\u00f3b tyle\u017c tajemny, co\u00a0wszeteczny, a\u00a0to kiedy dosz\u0142o do\u00a0og\u00f3lnego nadpsucia cia\u0142 niebieskich; powsta\u0142y &hellip; <a href=\"https:\/\/solaris.lem.pl\/blog\/bladawiec\/\">Czytaj dalej <span class=\"meta-nav\">&rarr;<\/span><\/a><\/p>\n","protected":false},"author":1,"featured_media":0,"comment_status":"open","ping_status":"open","sticky":false,"template":"","format":"standard","meta":[],"categories":[10],"tags":[71,9,72],"_links":{"self":[{"href":"https:\/\/solaris.lem.pl\/blog\/wp-json\/wp\/v2\/posts\/440"}],"collection":[{"href":"https:\/\/solaris.lem.pl\/blog\/wp-json\/wp\/v2\/posts"}],"about":[{"href":"https:\/\/solaris.lem.pl\/blog\/wp-json\/wp\/v2\/types\/post"}],"author":[{"embeddable":true,"href":"https:\/\/solaris.lem.pl\/blog\/wp-json\/wp\/v2\/users\/1"}],"replies":[{"embeddable":true,"href":"https:\/\/solaris.lem.pl\/blog\/wp-json\/wp\/v2\/comments?post=440"}],"version-history":[{"count":4,"href":"https:\/\/solaris.lem.pl\/blog\/wp-json\/wp\/v2\/posts\/440\/revisions"}],"predecessor-version":[{"id":452,"href":"https:\/\/solaris.lem.pl\/blog\/wp-json\/wp\/v2\/posts\/440\/revisions\/452"}],"wp:attachment":[{"href":"https:\/\/solaris.lem.pl\/blog\/wp-json\/wp\/v2\/media?parent=440"}],"wp:term":[{"taxonomy":"category","embeddable":true,"href":"https:\/\/solaris.lem.pl\/blog\/wp-json\/wp\/v2\/categories?post=440"},{"taxonomy":"post_tag","embeddable":true,"href":"https:\/\/solaris.lem.pl\/blog\/wp-json\/wp\/v2\/tags?post=440"}],"curies":[{"name":"wp","href":"https:\/\/api.w.org\/{rel}","templated":true}]}}