{"id":432,"date":"2016-02-10T16:30:13","date_gmt":"2016-02-10T15:30:13","guid":{"rendered":"http:\/\/solaris.lem.pl\/blog\/?p=432"},"modified":"2016-02-10T16:50:17","modified_gmt":"2016-02-10T15:50:17","slug":"oko-lo-literatury","status":"publish","type":"post","link":"https:\/\/solaris.lem.pl\/blog\/oko-lo-literatury\/","title":{"rendered":"Oko-\u0142o literatury"},"content":{"rendered":"<p><a href=\"http:\/\/solaris.lem.pl\/blog\/wp-content\/uploads\/2016\/02\/Wojciech-Orlinski.jpg\" rel=\"attachment wp-att-433\"><img loading=\"lazy\" class=\"alignleft wp-image-433 size-thumbnail\" title=\"wojciech orlinski\" src=\"http:\/\/solaris.lem.pl\/blog\/wp-content\/uploads\/2016\/02\/Wojciech-Orlinski-150x150.jpg\" alt=\"Wojciech Orlinski\" width=\"150\" height=\"150\" srcset=\"https:\/\/solaris.lem.pl\/blog\/wp-content\/uploads\/2016\/02\/Wojciech-Orlinski-150x150.jpg 150w, https:\/\/solaris.lem.pl\/blog\/wp-content\/uploads\/2016\/02\/Wojciech-Orlinski-300x300.jpg 300w, https:\/\/solaris.lem.pl\/blog\/wp-content\/uploads\/2016\/02\/Wojciech-Orlinski-144x144.jpg 144w, https:\/\/solaris.lem.pl\/blog\/wp-content\/uploads\/2016\/02\/Wojciech-Orlinski.jpg 452w\" sizes=\"(max-width: 150px) 100vw, 150px\" \/><\/a>Piwnica Artystyczna Przechowalnia i Fundacja Fantastyczne Inicjatywy organizuje spotkanie-debat\u0119, po\u015bwi\u0119cone tw\u00f3rczo\u015bci Stanis\u0142awa Lema, kt\u00f3rego go\u015bciem specjalnym b\u0119dzie Wojciech Orli\u0144ski. Uczestnicy dyskusji spr\u00f3buj\u0105 odpowiedzie\u0107 na pytanie, czy literatura, uprawiana przez Lema, pozostaje wci\u0105\u017c aktualna.<\/p>\n<p>Zapraszamy:<br \/>\n26 lutego o godzinie 18:30<br \/>\nPRZECHOWALNIA<br \/>\nul. 6 Sierpnia 5, \u0141\u00f3d\u017a<\/p>\n<p><a href=\"https:\/\/www.facebook.com\/events\/1557328771254481\/\">https:\/\/www.facebook.com\/events\/1557328771254481\/<\/a><\/p>\n<p>&nbsp;<\/p>\n","protected":false},"excerpt":{"rendered":"<p>Piwnica Artystyczna Przechowalnia i Fundacja Fantastyczne Inicjatywy organizuje spotkanie-debat\u0119, po\u015bwi\u0119cone tw\u00f3rczo\u015bci Stanis\u0142awa Lema, kt\u00f3rego go\u015bciem specjalnym b\u0119dzie Wojciech Orli\u0144ski. Uczestnicy dyskusji spr\u00f3buj\u0105 odpowiedzie\u0107 na pytanie, czy literatura, uprawiana przez Lema, pozostaje wci\u0105\u017c aktualna. Zapraszamy: 26 lutego o godzinie 18:30 PRZECHOWALNIA &hellip; <a href=\"https:\/\/solaris.lem.pl\/blog\/oko-lo-literatury\/\">Czytaj dalej <span class=\"meta-nav\">&rarr;<\/span><\/a><\/p>\n","protected":false},"author":1,"featured_media":0,"comment_status":"open","ping_status":"open","sticky":false,"template":"","format":"standard","meta":[],"categories":[3],"tags":[],"_links":{"self":[{"href":"https:\/\/solaris.lem.pl\/blog\/wp-json\/wp\/v2\/posts\/432"}],"collection":[{"href":"https:\/\/solaris.lem.pl\/blog\/wp-json\/wp\/v2\/posts"}],"about":[{"href":"https:\/\/solaris.lem.pl\/blog\/wp-json\/wp\/v2\/types\/post"}],"author":[{"embeddable":true,"href":"https:\/\/solaris.lem.pl\/blog\/wp-json\/wp\/v2\/users\/1"}],"replies":[{"embeddable":true,"href":"https:\/\/solaris.lem.pl\/blog\/wp-json\/wp\/v2\/comments?post=432"}],"version-history":[{"count":5,"href":"https:\/\/solaris.lem.pl\/blog\/wp-json\/wp\/v2\/posts\/432\/revisions"}],"predecessor-version":[{"id":438,"href":"https:\/\/solaris.lem.pl\/blog\/wp-json\/wp\/v2\/posts\/432\/revisions\/438"}],"wp:attachment":[{"href":"https:\/\/solaris.lem.pl\/blog\/wp-json\/wp\/v2\/media?parent=432"}],"wp:term":[{"taxonomy":"category","embeddable":true,"href":"https:\/\/solaris.lem.pl\/blog\/wp-json\/wp\/v2\/categories?post=432"},{"taxonomy":"post_tag","embeddable":true,"href":"https:\/\/solaris.lem.pl\/blog\/wp-json\/wp\/v2\/tags?post=432"}],"curies":[{"name":"wp","href":"https:\/\/api.w.org\/{rel}","templated":true}]}}