{"id":422,"date":"2016-02-01T17:46:18","date_gmt":"2016-02-01T16:46:18","guid":{"rendered":"http:\/\/solaris.lem.pl\/blog\/?p=422"},"modified":"2016-02-08T17:44:48","modified_gmt":"2016-02-08T16:44:48","slug":"ksiezyc-w-kredensie","status":"publish","type":"post","link":"https:\/\/solaris.lem.pl\/blog\/ksiezyc-w-kredensie\/","title":{"rendered":"Ksi\u0119\u017cyc w kredensie"},"content":{"rendered":"<p class=\"led\">Wczoraj spotka\u0142em si\u0119 z grup\u0105 nauczycieli z Finlandii, kt\u00f3rzy o takie spotkanie prosili, obdarowali mnie kompletem jakich\u015b kryszta\u0142owych talerzy, kt\u00f3ry zaprojektowa\u0142 jaki\u015b ich artysta i nazwa\u0142 ten komplet \u201eSolaris&#8221;. Oczywi\u015bcie by\u0142o to przyjemne&#8217;.<\/p>\n<div class=\"dymek\"><\/div>\n<p><a href=\"http:\/\/solaris.lem.pl\/blog\/wp-content\/uploads\/2016\/02\/solaris_tapio_wirkkala.jpg\" rel=\"attachment wp-att-426\"><img loading=\"lazy\" src=\"http:\/\/solaris.lem.pl\/blog\/wp-content\/uploads\/2016\/02\/solaris_tapio_wirkkala-240x300.jpg\" alt=\"solaris tapio wirkkala\" width=\"240\" height=\"300\" class=\"alignright size-medium wp-image-426\" srcset=\"https:\/\/solaris.lem.pl\/blog\/wp-content\/uploads\/2016\/02\/solaris_tapio_wirkkala-240x300.jpg 240w, https:\/\/solaris.lem.pl\/blog\/wp-content\/uploads\/2016\/02\/solaris_tapio_wirkkala.jpg 750w\" sizes=\"(max-width: 240px) 100vw, 240px\" \/><\/a><\/p>\n<blockquote><p>Wspomniany przez Stanis\u0142awa Lema w jednym z list\u00f3w do ameryka\u0144skiego t\u0142umacza i admiratora jego tw\u00f3rczo\u015bci Michaela Kandla \u201ekomplet jakich\u015b kryszta\u0142owych talerzy&#8221; to doskonale znany mi\u0142o\u015bnikom skandynawskiego dizajnu zestaw naczy\u0144 u\u017cytkowych autorstwa jednego z najwybitniejszych projektant\u00f3w XX w., niezwykle wszechstronnego Tapio Wirkkali, kt\u00f3ry przez wiele dekad realizowa\u0142 projekty dla fi\u0144skiej huty Iittala. Stworzony w 1974 r. zestaw rzeczywi\u015bcie trafi\u0142 do produkcji pod nazw\u0105 \u201eSolaris&#8221; i sk\u0142ada\u0142 si\u0119 z czterech r\u00f3\u017cnej wielko\u015bci p\u0142askich talerzy i misek. Nie by\u0142y to jednak, jak sugeruje Lem, naczynia kryszta\u0142owe, ale wykonane technik\u0105 szk\u0142a prasowanego. Technologia ta upowszechni\u0142a si\u0119 w pierwszej po\u0142owie XIX w., ekspansywnie rozwija\u0142a si\u0119 w Stanach Zjednoczonych i w istocie pocz\u0105tkowo s\u0142u\u017cy\u0142a g\u0142\u00f3wnie do produkcji ta\u0144szego szk\u0142a u\u017cytkowego, imituj\u0105cego form\u0105 dro\u017csze i szlachetniejsze naczynia kryszta\u0142owe. Dopiero w pierwszych dekadach XX w. szk\u0142o prasowane zyska\u0142o now\u0105 jako\u015b\u0107 estetyczn\u0105 dzi\u0119ki zaanga\u017cowaniu projektant\u00f3w nowoczesnych naczy\u0144 u\u017cytkowych. O oryginalno\u015bci zestawu Wirkkali decydowa\u0142 intryguj\u0105cy wz\u00f3r t\u0142oczony w szklanej masie &#8211; koncentryczne, nawarstwiaj\u0105ce si\u0119 struktury, kt\u00f3re w odbiorcach uruchamia\u0142y, z jednej strony, zmys\u0142 dotyku, ch\u0119\u0107 bezpo\u015bredniego kontaktu z faktur\u0105 naczynia, z drugiej za\u015b &#8211; skojarzenia wizualne odsy\u0142aj\u0105ce do \u015bwiata form biomorficznych, organicznych, o r\u00f3\u017cnej proweniencji.<br \/>\n<note>B. Bana\u015b, Ksi\u0119\u017cyc w kredensie. Kilka refleksji na temat dizajnu lat 60. i 70. XX wieku, <a href=\"http:\/\/www.historiasztuki.uni.wroc.pl\/quart\/quart_new\/\">&#8222;Quart&#8221;<\/a> 3-4(37-38)\/2015, str. 235<\/note><\/p><\/blockquote>\n","protected":false},"excerpt":{"rendered":"<p>Wczoraj spotka\u0142em si\u0119 z grup\u0105 nauczycieli z Finlandii, kt\u00f3rzy o takie spotkanie prosili, obdarowali mnie kompletem jakich\u015b kryszta\u0142owych talerzy, kt\u00f3ry zaprojektowa\u0142 jaki\u015b ich artysta i nazwa\u0142 ten komplet \u201eSolaris&#8221;. Oczywi\u015bcie by\u0142o to przyjemne&#8217;. Wspomniany przez Stanis\u0142awa Lema w jednym z &hellip; <a href=\"https:\/\/solaris.lem.pl\/blog\/ksiezyc-w-kredensie\/\">Czytaj dalej <span class=\"meta-nav\">&rarr;<\/span><\/a><\/p>\n","protected":false},"author":1,"featured_media":0,"comment_status":"open","ping_status":"open","sticky":false,"template":"","format":"standard","meta":[],"categories":[65],"tags":[70,66,13,69],"_links":{"self":[{"href":"https:\/\/solaris.lem.pl\/blog\/wp-json\/wp\/v2\/posts\/422"}],"collection":[{"href":"https:\/\/solaris.lem.pl\/blog\/wp-json\/wp\/v2\/posts"}],"about":[{"href":"https:\/\/solaris.lem.pl\/blog\/wp-json\/wp\/v2\/types\/post"}],"author":[{"embeddable":true,"href":"https:\/\/solaris.lem.pl\/blog\/wp-json\/wp\/v2\/users\/1"}],"replies":[{"embeddable":true,"href":"https:\/\/solaris.lem.pl\/blog\/wp-json\/wp\/v2\/comments?post=422"}],"version-history":[{"count":6,"href":"https:\/\/solaris.lem.pl\/blog\/wp-json\/wp\/v2\/posts\/422\/revisions"}],"predecessor-version":[{"id":431,"href":"https:\/\/solaris.lem.pl\/blog\/wp-json\/wp\/v2\/posts\/422\/revisions\/431"}],"wp:attachment":[{"href":"https:\/\/solaris.lem.pl\/blog\/wp-json\/wp\/v2\/media?parent=422"}],"wp:term":[{"taxonomy":"category","embeddable":true,"href":"https:\/\/solaris.lem.pl\/blog\/wp-json\/wp\/v2\/categories?post=422"},{"taxonomy":"post_tag","embeddable":true,"href":"https:\/\/solaris.lem.pl\/blog\/wp-json\/wp\/v2\/tags?post=422"}],"curies":[{"name":"wp","href":"https:\/\/api.w.org\/{rel}","templated":true}]}}