{"id":411,"date":"2016-01-27T16:52:55","date_gmt":"2016-01-27T15:52:55","guid":{"rendered":"http:\/\/solaris.lem.pl\/blog\/?p=411"},"modified":"2016-02-08T17:44:03","modified_gmt":"2016-02-08T16:44:03","slug":"quart-lem-numer-specjalny-2015","status":"publish","type":"post","link":"https:\/\/solaris.lem.pl\/blog\/quart-lem-numer-specjalny-2015\/","title":{"rendered":"&#8222;Quart&#8221; \/ Lem \/ Numer specjalny \/ 2015"},"content":{"rendered":"<p><a href=\"http:\/\/solaris.lem.pl\/blog\/wp-content\/uploads\/2016\/01\/quart_lem_2015.jpg\" rel=\"attachment wp-att-414\"><img loading=\"lazy\" src=\"http:\/\/solaris.lem.pl\/blog\/wp-content\/uploads\/2016\/01\/quart_lem_2015-225x300.jpg\" alt=\"quart stanislaw lem 2015\" width=\"225\" height=\"300\" class=\"alignright size-medium wp-image-414\" srcset=\"https:\/\/solaris.lem.pl\/blog\/wp-content\/uploads\/2016\/01\/quart_lem_2015-225x300.jpg 225w, https:\/\/solaris.lem.pl\/blog\/wp-content\/uploads\/2016\/01\/quart_lem_2015-768x1022.jpg 768w, https:\/\/solaris.lem.pl\/blog\/wp-content\/uploads\/2016\/01\/quart_lem_2015-769x1024.jpg 769w, https:\/\/solaris.lem.pl\/blog\/wp-content\/uploads\/2016\/01\/quart_lem_2015-900x1198.jpg 900w, https:\/\/solaris.lem.pl\/blog\/wp-content\/uploads\/2016\/01\/quart_lem_2015.jpg 1600w\" sizes=\"(max-width: 225px) 100vw, 225px\" \/><\/a>QUART. Kwartalnik Instytutu Historii Sztuki Uniwersytetu Wroc\u0142awskiego \/ Lem \/ Numer specjalny 3-4 (37-38) \/ 2015<\/p>\n<ul>\n<li>Waldemar Oko\u0144 &#8222;M\u00f3j Lem&#8221;<\/li>\n<li>Pawe\u0142 Oko\u0142owski &#8222;Stanis\u0142awa Lema my\u015blenie s\u0142owami i my\u015blenie obrazami&#8221;<\/li>\n<li>Stanis\u0142aw Bere\u015b &#8222;Potw\u00f3r z Massachusetts&#8221;<\/li>\n<li>Cezary W\u0105s &#8222;Wizje \u015bwiat\u00f3w niemo\u017cliwych u Lema a wsp\u00f3\u0142czesne tendencje antymetafizyczne w filozofii&#8221;<\/li>\n<li>\u0141ukasz Huculak &#8222;Berkeley na Solaris&#8221;<\/li>\n<li>Andrzej Jarosz &#8222;\u00bb<em>Too sophisticated<\/em>\u00ab: Stanis\u0142aw Lem krytycznie i parodystycznie o modernistycznych tekstach i obrazach&#8221;<\/li>\n<li>Andrzej Wasilewski &#8222;(Nie)obecno\u015b\u0107 Lema w literaturoznawstwie&#8221;<\/li>\n<li>Aneta Grodecka\u00a0&#8222;W labiryncie Lema i Skar\u017cy\u0144skiego. O polskiej odmianie <em>neurogunk<\/em>&#8222;<\/li>\n<li>Jan Michalski &#8222;Lem i Mr\u00f3z. Glossa do genologi&#8221;<\/li>\n<li>Anna Baranowa &#8222;Metafora \u00bbstatku g\u0142upc\u00f3w\u00ab w pismach Stanis\u0142awa Lema oraz inne inspiracje Boschowskie&#8221;<\/li>\n<li>Monika Brz\u00f3stowicz-Klajn &#8222;Niewidzialna obecno\u015b\u0107 Obcych w <em>G\u0142osie Pana<\/em> Stanis\u0142awa Lema i <em>C\u00f3rce \u0141upie\u017ccy<\/em> Jacka Dukaja&#8221;<\/li>\n<li>Ma\u0142gorzata Sugiera\u00a0&#8222;Po wybuchu bomby megabitowej I: Nowe systemy i nowe katastrofy&#8221;<\/li>\n<li>Mateusz Borowski\u00a0&#8222;Po wybuchu bomby megabitowej II: Nowe czasy&#8221;<\/li>\n<li>Jacek Nowakowski &#8222;Do gwiazd i z powrotem. Tw\u00f3rczo\u015b\u0107 Stanis\u0142awa Lema na ekranie&#8221;<\/li>\n<li>Iwona Gr\u00f3d\u017a &#8222;Hollywoodzka adaptacja <em>Solaris<\/em> Stanis\u0142awa Lema. Kilka uwag na marginesie filmu Stevena Soderbergha z 2002 roku&#8221;<\/li>\n<li>Agnieszka Powierska &#8222;\u00bbJe\u015bli to halucynacja, to nader, nader realistyczna\u00ab. \u00bbEra wolnego wyboru\u00ab w <em>Kongresie<\/em> (2013) Ariego Folmana i jej zwi\u0105zki z wizj\u0105 przysz\u0142o\u015bci z <em>Kongresu futurologicznego<\/em> (1970) Stanis\u0142awa Lema<\/li>\n<li>Tadeusz Piotrowski &#8222;Lem \u2014 nowator j\u0119zykowy?&#8221;<\/li>\n<li>Tomasz Gryglewicz &#8222;Ilustracje Daniela Mroza do <em>Cyberiady<\/em> Stanis\u0142awa Lema w kontek\u015bcie krakowskiego surrealizmu po II wojnie \u015bwiatowej&#8221;<\/li>\n<li>Emilia Kiecko &#8222;Stanis\u0142aw Lem i architektura futurologiczna &#8211;\u00a0casus Jana G\u0142uszaka:<\/li>\n<li>Sabina Macioszek &#8222;Szkar\u0142atne odblaski, sfalowana czer\u0144, sapliwe westchnienia i ciep\u0142o\u015b\u0107 szept\u00f3w. Teksty Lema a opera&#8221;<\/li>\n<li>Anita Wincencjusz-Patyna\u00a0&#8222;Lem na witrynach. Kr\u00f3tka historia grafiki ksi\u0105\u017ckowej w Polsce na podstawie analizy ok\u0142adek wydawnictw z utworami Stanis\u0142awa Lema&#8221;<\/li>\n<li>Barbara Bana\u015b &#8222;Ksi\u0119\u017cyc w kredensie. Kilka refleksji na temat dizajnu lat 60. i 70. XX wieku&#8221;<\/li>\n<\/ul>\n<p>Czasopismo zawiera materia\u0142y, zaprezentowane na konferencji naukowej &#8222;Stanis\u0142aw Lem \u2013 wizjoner szcz\u0119\u015bliwych i nieszcz\u0119\u015bliwych \u015bwiat\u00f3w. Recepcja tw\u00f3rczo\u015bci w sztukach plastycznych, kinie, literaturze i krytyce artystycznej\u201d, kt\u00f3ra odby\u0142a si\u0119 w pa\u017adzierniku 2015 roku we Wroc\u0142awiu pod egid\u0105 Instytutu Historii Sztuki Uniwersytetu Wroc\u0142awskiego<\/p>\n","protected":false},"excerpt":{"rendered":"<p>QUART. Kwartalnik Instytutu Historii Sztuki Uniwersytetu Wroc\u0142awskiego \/ Lem \/ Numer specjalny 3-4 (37-38) \/ 2015 Waldemar Oko\u0144 &#8222;M\u00f3j Lem&#8221; Pawe\u0142 Oko\u0142owski &#8222;Stanis\u0142awa Lema my\u015blenie s\u0142owami i my\u015blenie obrazami&#8221; Stanis\u0142aw Bere\u015b &#8222;Potw\u00f3r z Massachusetts&#8221; Cezary W\u0105s &#8222;Wizje \u015bwiat\u00f3w niemo\u017cliwych u &hellip; <a href=\"https:\/\/solaris.lem.pl\/blog\/quart-lem-numer-specjalny-2015\/\">Czytaj dalej <span class=\"meta-nav\">&rarr;<\/span><\/a><\/p>\n","protected":false},"author":1,"featured_media":0,"comment_status":"open","ping_status":"open","sticky":false,"template":"","format":"standard","meta":[],"categories":[65,3],"tags":[66,67],"_links":{"self":[{"href":"https:\/\/solaris.lem.pl\/blog\/wp-json\/wp\/v2\/posts\/411"}],"collection":[{"href":"https:\/\/solaris.lem.pl\/blog\/wp-json\/wp\/v2\/posts"}],"about":[{"href":"https:\/\/solaris.lem.pl\/blog\/wp-json\/wp\/v2\/types\/post"}],"author":[{"embeddable":true,"href":"https:\/\/solaris.lem.pl\/blog\/wp-json\/wp\/v2\/users\/1"}],"replies":[{"embeddable":true,"href":"https:\/\/solaris.lem.pl\/blog\/wp-json\/wp\/v2\/comments?post=411"}],"version-history":[{"count":10,"href":"https:\/\/solaris.lem.pl\/blog\/wp-json\/wp\/v2\/posts\/411\/revisions"}],"predecessor-version":[{"id":430,"href":"https:\/\/solaris.lem.pl\/blog\/wp-json\/wp\/v2\/posts\/411\/revisions\/430"}],"wp:attachment":[{"href":"https:\/\/solaris.lem.pl\/blog\/wp-json\/wp\/v2\/media?parent=411"}],"wp:term":[{"taxonomy":"category","embeddable":true,"href":"https:\/\/solaris.lem.pl\/blog\/wp-json\/wp\/v2\/categories?post=411"},{"taxonomy":"post_tag","embeddable":true,"href":"https:\/\/solaris.lem.pl\/blog\/wp-json\/wp\/v2\/tags?post=411"}],"curies":[{"name":"wp","href":"https:\/\/api.w.org\/{rel}","templated":true}]}}