{"id":40,"date":"2015-04-17T19:12:23","date_gmt":"2015-04-17T17:12:23","guid":{"rendered":"http:\/\/solaris.lem.pl\/blog\/?p=40"},"modified":"2015-09-05T14:43:18","modified_gmt":"2015-09-05T12:43:18","slug":"szlak-lema","status":"publish","type":"post","link":"https:\/\/solaris.lem.pl\/blog\/szlak-lema\/","title":{"rendered":"Szlak Lema"},"content":{"rendered":"<p class=\"led\">Stanis\u0142aw Lem zdecydowanie nie by\u0142 typem lwa salonowego, czy kawiarnianego literata. Ka\u017cd\u0105 woln\u0105 chwil\u0119 po\u015bwi\u0119ca\u0142 swojemu powo\u0142aniu: pracy pisarskiej, kt\u00f3rej istotnym elementem by\u0142o nieustanne pog\u0142\u0119bianie wiedzy i ci\u0105g\u0142e \u015bledzenie osi\u0105gni\u0119\u0107 naukowych. St\u0105d nie bywa\u0142 w \u017cadnych modnych artystycznych krakowskich przybytkach, jak Piwnica pod Baranami b\u0105d\u017a Jama Michalika. Natomiast na mapie miasta pojawia si\u0119 kilka innych kluczowych punkt\u00f3w, bardzo silnie zwi\u0105zanych z \u017cyciem Lema.<\/p>\n<div class=\"dymek\"><\/div>\n<p><a href=\"http:\/\/www.readingmalopolska.pl\/pl\/miasta-w-szlakach,17,krakow,33.chtm\"><img loading=\"lazy\" class=\"alignleft size-medium wp-image-41\" src=\"http:\/\/solaris.lem.pl\/blog\/wp-content\/uploads\/2015\/04\/szlaklema-300x202.png\" alt=\"szlaklema\" width=\"300\" height=\"202\" \/><\/a>Krakowskie Biuro Festiwalowe w ramach projektu Literacka Ma\u0142opolska wytyczy\u0142o <a title=\"Szlak Lema\" href=\"http:\/\/www.readingmalopolska.pl\/pl\/miasta-w-szlakach,17,krakow,33.chtm\">Szlak Lema<\/a>, czyli map\u0119 tych miejsc na terenie wojew\u00f3dztwa ma\u0142opolskiego, kt\u00f3re odegra\u0142y istotn\u0105 rol\u0119 w \u017cyciu autora <a title=\"wi\u0119cej o ksi\u0105\u017cce\" href=\"http:\/\/solaris.lem.pl\/ksiazki\/beletrystyka\/solaris\">&#8222;Solaris&#8221;<\/a>. W sobot\u0119, 25 kwietnia, KBF zaprasza na spacer po centrum Krakowa \u015bladami Stanis\u0142awa Lema. Impreza rozpoczyna si\u0119 o godzinie 16, a zako\u0144czy si\u0119 o godzinie 18 w siedzibie Wydawnictwa Literackiego spotkaniem z Wojciechem Zemkiem, d\u0142ugoletnim sekretarzem Mistrza.<\/p>\n<ul>\n<li><a title=\"literacki spacer \u015bladami Lema\" href=\"http:\/\/miastoliteratury.pl\/program\/literackie-spacery-po-krakowie\/\">http:\/\/miastoliteratury.pl\/program\/literackie-spacery-po-krakowie\/<\/a><\/li>\n<li>zg\u0142oszenia: <a href=\"mailto:spacery@miastoliteratury.pl\">spacery@miastoliteratury.pl<\/a><\/li>\n<\/ul>\n<p>Stolica Ma\u0142opolski na kartach ksi\u0105\u017cek\u00a0Stanis\u0142awa Lema jest w\u0142a\u015bciwie nieobecna, wyj\u0105wszy jeden m\u0142odzie\u0144czy wiersz, zatytu\u0142owany &#8222;Pi\u0105tk\u0105 przez Krak\u00f3w&#8221;, gdzie p\u0142ynnie maluje przesycony ciep\u0142ymi kolorami pejza\u017c\u00a0miasta (<em>Wprawione w ruch i z\u0142oto wie\u017ce si\u0119 ko\u0142ysz\u0105.\/Niebo takie niebieskie, \u017ce jest tylko cisz\u0105\/Malowan\u0105 w desenie \u0142agodnych go\u0142\u0119bi&#8230;<\/em>). Zapewne powodem tego braku konkretnych odniesie\u0144 w innych utworach jest przede wszystkim formu\u0142a gatunku science fiction, kt\u00f3ry akcj\u0119 umieszcza raczej w fantastycznych \u015bwiatach i na odleg\u0142ych planetach. Chocia\u017c warto podkre\u015bli\u0107, \u017ce swoje rodzinne miasto, Lw\u00f3w, pisarz sportretowa\u0142 z wielkim pietyzmem w <a title=\"wi\u0119cej o ksi\u0105\u017cce\" href=\"http:\/\/solaris.lem.pl\/ksiazki\/beletrystyka\/wysoki-zamek\">&#8222;Wysokim Zamku&#8221;<\/a>.<\/p>\n<p><!--more-->Stanis\u0142aw Lem zdecydowanie nie by\u0142 typem lwa salonowego, czy kawiarnianego literata. Ka\u017cd\u0105 woln\u0105 chwil\u0119 po\u015bwi\u0119ca\u0142 swojemu powo\u0142aniu: pracy pisarskiej, kt\u00f3rej istotnym elementem by\u0142o nieustanne pog\u0142\u0119bianie wiedzy i ci\u0105g\u0142e \u015bledzenie osi\u0105gni\u0119\u0107 naukowych. St\u0105d nie bywa\u0142 w \u017cadnych modnych artystycznych krakowskich przybytkach, jak Piwnica pod Baranami b\u0105d\u017a Jama Michalika. Natomiast na mapie miasta pojawia si\u0119 kilka innych kluczowych punkt\u00f3w, bardzo silnie zwi\u0105zanych z \u017cyciem Lema.<\/p>\n<p>Oczywi\u015bcie nale\u017c\u0105 do nich przede wszystkim miejsca zamieszkania Lema, kt\u00f3ry prawie ca\u0142e swoje doros\u0142e \u017cycie sp\u0119dzi\u0142 w Krakowie. Przyjecha\u0142 tutaj\u00a0w 1946 roku z\u00a0jedn\u0105 z ostatnich fal lwowskich repatriant\u00f3w, wyposa\u017cony jedynie w baga\u017c okupacyjnych do\u015bwiadcze\u0144. Najpierw trafi\u0142 do znajomych na ulic\u0119 \u015al\u0105sk\u0105 3, gdzie\u00a0znalaz\u0142 schronienie wraz z rodzicami w jednym pokoju. Potem wsp\u00f3lnie z \u017con\u0105 Barbar\u0105 zajmowali lokum przy ulicy Bonerowskiej, aby pod koniec lat pi\u0119\u0107dziesi\u0105tych przenie\u015b\u0107 si\u0119 do w\u0142asnego domu na podkrakowskim osiedlu Kliny, przy ul. Narwik.<\/p>\n<div id=\"attachment_61\" style=\"width: 310px\" class=\"wp-caption alignright\"><a href=\"http:\/\/solaris.lem.pl\/blog\/wp-content\/uploads\/2015\/04\/Lem_Hotel_Cracovia_sierpien_1971_blog1.jpg\"><img aria-describedby=\"caption-attachment-61\" loading=\"lazy\" class=\"wp-image-61 size-medium\" src=\"http:\/\/solaris.lem.pl\/blog\/wp-content\/uploads\/2015\/04\/Lem_Hotel_Cracovia_sierpien_1971_blog1-300x205.jpg\" alt=\"\" width=\"300\" height=\"205\" srcset=\"https:\/\/solaris.lem.pl\/blog\/wp-content\/uploads\/2015\/04\/Lem_Hotel_Cracovia_sierpien_1971_blog1-300x205.jpg 300w, https:\/\/solaris.lem.pl\/blog\/wp-content\/uploads\/2015\/04\/Lem_Hotel_Cracovia_sierpien_1971_blog1-438x300.jpg 438w, https:\/\/solaris.lem.pl\/blog\/wp-content\/uploads\/2015\/04\/Lem_Hotel_Cracovia_sierpien_1971_blog1.jpg 900w\" sizes=\"(max-width: 300px) 100vw, 300px\" \/><\/a><p id=\"caption-attachment-61\" class=\"wp-caption-text\">Lem przed hotelem Cracovia, sierpie\u0144 1971<\/p><\/div>\n<p>Do cz\u0119sto odwiedzanych miejsc ze wzgl\u0119d\u00f3w zawodowych nale\u017ca\u0142a siedziba Zwi\u0105zku Literat\u00f3w przy ul. Krupniczej oraz kamienica &#8222;Pod Globusem&#8221; przy ulicy D\u0142ugiej, czyli g\u0142\u00f3wna kwatera Wydawnictwa Literackiego, z kt\u00f3rym autor by\u0142 zwi\u0105zany na dobre i na z\u0142e przez ca\u0142\u0105 swoj\u0105 pisarsk\u0105 karier\u0119. Sporo czasu sp\u0119dza\u0142 r\u00f3wnie\u017c na Wi\u015blnej w redakcji &#8222;Tygodnika Powszechnego&#8221;, z kt\u00f3rym rozpocz\u0105\u0142 wsp\u00f3\u0142prac\u0119 jeszcze\u00a0w\u00a0latach czterdziestych: to tutaj ukazywa\u0142y si\u0119 m\u0142odzie\u0144cze wiersze i opowiadania. Niezb\u0119dnej po\u017cywki dla pracy tw\u00f3rczej dostarcza\u0142y dwie plac\u00f3wki: cukiernia zlokalizowana w hotelu Cracovia oraz kiosk z gazetami w hotelu Forum, do kt\u00f3rego\u00a0Lem\u00a0pielgrzymowa\u0142 codziennie swoim seledynowym mercedesem po pras\u0119 z ca\u0142ego \u015bwiata. Niestety, obecnie obydwa hotele zako\u0144czy\u0142y swoj\u0105 dzia\u0142alno\u015b\u0107 i s\u0105\u00a0przeznaczone do rozbi\u00f3rki.<\/p>\n<p>Stanis\u0142aw Lem zosta\u0142 pochowany na cmentarzu Salwatorskim, tutaj te\u017c spotykaj\u0105 si\u0119 fani w rocznic\u0119 \u015bmierci Autora. Krak\u00f3w uhonorowa\u0142 Lema w wysoce stosowny spos\u00f3b, nadaj\u0105c jego imi\u0119 Ogrodowi Do\u015bwiadcze\u0144, b\u0119d\u0105cemu rodzajem interaktywnego parku naukowego, usytuowanego przy Alei Pokoju. W pobli\u017cu r\u00f3wnie\u017c znajduje si\u0119 dwupasmowa\u00a0ulica Stanis\u0142awa Lema. tyle tylko, \u017ce nigdy nie by\u0142a ona przejezdna.<\/p>\n","protected":false},"excerpt":{"rendered":"<p>Stanis\u0142aw Lem zdecydowanie nie by\u0142 typem lwa salonowego, czy kawiarnianego literata. Ka\u017cd\u0105 woln\u0105 chwil\u0119 po\u015bwi\u0119ca\u0142 swojemu powo\u0142aniu: pracy pisarskiej, kt\u00f3rej istotnym elementem by\u0142o nieustanne pog\u0142\u0119bianie wiedzy i ci\u0105g\u0142e \u015bledzenie osi\u0105gni\u0119\u0107 naukowych. St\u0105d nie bywa\u0142 w \u017cadnych modnych artystycznych krakowskich przybytkach, &hellip; <a href=\"https:\/\/solaris.lem.pl\/blog\/szlak-lema\/\">Czytaj dalej <span class=\"meta-nav\">&rarr;<\/span><\/a><\/p>\n","protected":false},"author":1,"featured_media":0,"comment_status":"open","ping_status":"open","sticky":false,"template":"","format":"standard","meta":[],"categories":[3],"tags":[6,7],"_links":{"self":[{"href":"https:\/\/solaris.lem.pl\/blog\/wp-json\/wp\/v2\/posts\/40"}],"collection":[{"href":"https:\/\/solaris.lem.pl\/blog\/wp-json\/wp\/v2\/posts"}],"about":[{"href":"https:\/\/solaris.lem.pl\/blog\/wp-json\/wp\/v2\/types\/post"}],"author":[{"embeddable":true,"href":"https:\/\/solaris.lem.pl\/blog\/wp-json\/wp\/v2\/users\/1"}],"replies":[{"embeddable":true,"href":"https:\/\/solaris.lem.pl\/blog\/wp-json\/wp\/v2\/comments?post=40"}],"version-history":[{"count":19,"href":"https:\/\/solaris.lem.pl\/blog\/wp-json\/wp\/v2\/posts\/40\/revisions"}],"predecessor-version":[{"id":242,"href":"https:\/\/solaris.lem.pl\/blog\/wp-json\/wp\/v2\/posts\/40\/revisions\/242"}],"wp:attachment":[{"href":"https:\/\/solaris.lem.pl\/blog\/wp-json\/wp\/v2\/media?parent=40"}],"wp:term":[{"taxonomy":"category","embeddable":true,"href":"https:\/\/solaris.lem.pl\/blog\/wp-json\/wp\/v2\/categories?post=40"},{"taxonomy":"post_tag","embeddable":true,"href":"https:\/\/solaris.lem.pl\/blog\/wp-json\/wp\/v2\/tags?post=40"}],"curies":[{"name":"wp","href":"https:\/\/api.w.org\/{rel}","templated":true}]}}