{"id":368,"date":"2015-11-27T09:26:01","date_gmt":"2015-11-27T08:26:01","guid":{"rendered":"http:\/\/solaris.lem.pl\/blog\/?p=368"},"modified":"2015-11-30T14:19:25","modified_gmt":"2015-11-30T13:19:25","slug":"razwie-wy-kommunist","status":"publish","type":"post","link":"https:\/\/solaris.lem.pl\/blog\/razwie-wy-kommunist\/","title":{"rendered":"Razwie wy kommunist?"},"content":{"rendered":"<div id=\"attachment_369\" style=\"width: 594px\" class=\"wp-caption aligncenter\"><a href=\"http:\/\/solaris.lem.pl\/blog\/wp-content\/uploads\/2015\/11\/feoktistov.jpg\"><img aria-describedby=\"caption-attachment-369\" loading=\"lazy\" src=\"http:\/\/solaris.lem.pl\/blog\/wp-content\/uploads\/2015\/11\/feoktistov-1024x496.jpg\" alt=\"stanislaw lem and konstantin feoktistov\" width=\"584\" height=\"283\" class=\"size-large wp-image-369\" srcset=\"https:\/\/solaris.lem.pl\/blog\/wp-content\/uploads\/2015\/11\/feoktistov-1024x496.jpg 1024w, https:\/\/solaris.lem.pl\/blog\/wp-content\/uploads\/2015\/11\/feoktistov-300x145.jpg 300w, https:\/\/solaris.lem.pl\/blog\/wp-content\/uploads\/2015\/11\/feoktistov-500x242.jpg 500w, https:\/\/solaris.lem.pl\/blog\/wp-content\/uploads\/2015\/11\/feoktistov-900x435.jpg 900w, https:\/\/solaris.lem.pl\/blog\/wp-content\/uploads\/2015\/11\/feoktistov.jpg 2048w\" sizes=\"(max-width: 584px) 100vw, 584px\" \/><\/a><p id=\"caption-attachment-369\" class=\"wp-caption-text\">z Konstantinem Fieoktistowem, wybitnym radzieckim astronaut\u0105, Moskwa 1965<\/p><\/div>\n<blockquote><p>Wyst\u0119powali\u015bmy we dw\u00f3jk\u0119 z Fieoktistowem w Bibliotece imienia Gorkiego. Potem poszli\u015bmy na zaplecze, zawiedujuszczaja, gn\u0105c si\u0119 w uk\u0142onach, cz\u0119stowa\u0142a\u00a0nas kaw\u0105, a my rozmawiali\u015bmy o\u2026 \u201cTrylogii\u201d, kt\u00f3r\u0105 on zna\u0142. By\u0142 to bardzo m\u0105dry cz\u0142owiek i mia\u0142 r\u00f3wnie jak ja z\u0142e zdanie o filmie Tarkowskiego wed\u0142ug \u201cSolaris\u201d\u2026\u00a0W pewnej chwili otwar\u0142y si\u0119 drzwi i zaanonsowano szofera, kt\u00f3ry po mnie przyjecha\u0142, czeka\u0142 mnie bowiem z kolei wyst\u0119p w telewizji. Siadam do auta i widz\u0119, \u017ce\u00a0czo\u0142o szofera zroszone jest grubymi kroplami potu. Pytam: \u2014 Wam czto? Wy bolnoj? On na to: Niet, no ja pierwyj raz w \u017cyzni widie\u0142 kosmonawta!<\/p>\n<p>Dobra pozycja dawa\u0142a naturalnie spore mo\u017cliwo\u015bci. Mia\u0142em kiedy\u015b spotkanie ze studentami Uniwersytetu imienia \u0141omonosowa w pot\u0119\u017cnym gmachu na Leninskich\u00a0G\u00f3rach, w najwi\u0119kszej auli, gdzie mie\u015bci\u0142o si\u0119 ponad tysi\u0105c os\u00f3b. Dostawa\u0142em karteczki z pytaniami; stoj\u0105cy ko\u0142o mnie profesor, wybitny zreszt\u0105 specjalista od\u00a0techniki laserowej, zapyta\u0142 po cichu, czy ma podawa\u0107 mi wszystkie pytania, czy te\u017c niekt\u00f3re eskamotowa\u0107. Odpowiedzia\u0142em: \u2014 Ja budu otwieczat\u2019 na wsie\u00a0woprosy! No i pojawi\u0142 si\u0119 wopros: Razwie wy kommunist? Odczyta\u0142em go g\u0142o\u015bno, chwil\u0119 milcza\u0142em, zastanawiaj\u0105c si\u0119, i postanowi\u0142em, \u017ce odpowiem tak: \u2014 Nie\u00a0jestem komunist\u0105, chocia\u017c wizja przysz\u0142o\u015bci \u015bwiata, jak\u0105 g\u0142osi ideologia komunistyczna, jest pi\u0119kna. Zd\u0105\u017cy\u0142em jednak tylko wypowiedzie\u0107 s\u0142owa: Nie jestem\u00a0komunist\u0105 \u2014 i rozleg\u0142 si\u0119 taki grzmot braw, \u017ce sala si\u0119 zatrz\u0119s\u0142a, a ja nie zdo\u0142a\u0142em ju\u017c wyg\u0142osi\u0107 drugiej cz\u0119\u015bci zdania\u2026 M\u0142odzie\u017c tak napar\u0142a na drewniane podium,\u00a0na kt\u00f3rym sta\u0142em, \u017ce zacz\u0105\u0142em z wolna sun\u0105\u0107 w stron\u0119 tablic przy\u015bciennych. Profesor pochwyci\u0142 mnie za ko\u0142nierz i wci\u0105gn\u0105\u0142 przez niewielkie drzwi na zaplecze\u00a0auli, gdzie nast\u0119pnie cz\u0119stowa\u0142 mnie kaw\u0105, parzon\u0105 w szklanych kolbach. Komsomolska organizacja, kt\u00f3ra spotkanie zorganizowa\u0142a, nie by\u0142a, zdaje si\u0119,\u00a0zachwycona, ale wyrzut\u00f3w czyni\u0107 mi nie mogli \u2014 znajdowa\u0142em si\u0119 za wysoko.<\/p>\n<p><note><a href=\"http:\/\/solaris.lem.pl\/ksiazki\/inne\/swiat-na-krawedzi\" title=\"swiat na krawedzi\">\u201e\u015awiat na kraw\u0119dzi. Ze Stanis\u0142awem Lemem rozmawia Tomasz Fia\u0142kowski\u201d<\/a>, Wydawnictwo Literackie, Krak\u00f3w 2007, str. 120<\/note><\/p><\/blockquote>\n<p><a href=\"http:\/\/solaris.lem.pl\/ksiazki\/eseje\/sex-wars\/181-fragment-sex-wars-podroze-do-rosji\">Wi\u0119cej o podr\u00f3\u017cach do Rosji ><\/a><\/p>\n","protected":false},"excerpt":{"rendered":"<p>Wyst\u0119powali\u015bmy we dw\u00f3jk\u0119 z Fieoktistowem w Bibliotece imienia Gorkiego. Potem poszli\u015bmy na zaplecze, zawiedujuszczaja, gn\u0105c si\u0119 w uk\u0142onach, cz\u0119stowa\u0142a\u00a0nas kaw\u0105, a my rozmawiali\u015bmy o\u2026 \u201cTrylogii\u201d, kt\u00f3r\u0105 on zna\u0142. By\u0142 to bardzo m\u0105dry cz\u0142owiek i mia\u0142 r\u00f3wnie jak ja z\u0142e zdanie &hellip; <a href=\"https:\/\/solaris.lem.pl\/blog\/razwie-wy-kommunist\/\">Czytaj dalej <span class=\"meta-nav\">&rarr;<\/span><\/a><\/p>\n","protected":false},"author":1,"featured_media":0,"comment_status":"open","ping_status":"open","sticky":false,"template":"","format":"standard","meta":[],"categories":[58],"tags":[61,60,59],"_links":{"self":[{"href":"https:\/\/solaris.lem.pl\/blog\/wp-json\/wp\/v2\/posts\/368"}],"collection":[{"href":"https:\/\/solaris.lem.pl\/blog\/wp-json\/wp\/v2\/posts"}],"about":[{"href":"https:\/\/solaris.lem.pl\/blog\/wp-json\/wp\/v2\/types\/post"}],"author":[{"embeddable":true,"href":"https:\/\/solaris.lem.pl\/blog\/wp-json\/wp\/v2\/users\/1"}],"replies":[{"embeddable":true,"href":"https:\/\/solaris.lem.pl\/blog\/wp-json\/wp\/v2\/comments?post=368"}],"version-history":[{"count":7,"href":"https:\/\/solaris.lem.pl\/blog\/wp-json\/wp\/v2\/posts\/368\/revisions"}],"predecessor-version":[{"id":377,"href":"https:\/\/solaris.lem.pl\/blog\/wp-json\/wp\/v2\/posts\/368\/revisions\/377"}],"wp:attachment":[{"href":"https:\/\/solaris.lem.pl\/blog\/wp-json\/wp\/v2\/media?parent=368"}],"wp:term":[{"taxonomy":"category","embeddable":true,"href":"https:\/\/solaris.lem.pl\/blog\/wp-json\/wp\/v2\/categories?post=368"},{"taxonomy":"post_tag","embeddable":true,"href":"https:\/\/solaris.lem.pl\/blog\/wp-json\/wp\/v2\/tags?post=368"}],"curies":[{"name":"wp","href":"https:\/\/api.w.org\/{rel}","templated":true}]}}