{"id":350,"date":"2015-10-29T14:33:46","date_gmt":"2015-10-29T13:33:46","guid":{"rendered":"http:\/\/solaris.lem.pl\/blog\/?p=350"},"modified":"2015-10-29T14:33:46","modified_gmt":"2015-10-29T13:33:46","slug":"dzienniki-gwiazdowe-na-deskach-olsztynskiego-teatru-lalek","status":"publish","type":"post","link":"https:\/\/solaris.lem.pl\/blog\/dzienniki-gwiazdowe-na-deskach-olsztynskiego-teatru-lalek\/","title":{"rendered":"&#8222;Dzienniki gwiazdowe&#8221; na deskach Olszty\u0144skiego Teatru Lalek"},"content":{"rendered":"<p><div id=\"attachment_351\" style=\"width: 216px\" class=\"wp-caption alignright\"><a href=\"http:\/\/solaris.lem.pl\/blog\/wp-content\/uploads\/2015\/10\/dzienniki_plakat_1200px.jpg\"><img aria-describedby=\"caption-attachment-351\" loading=\"lazy\" src=\"http:\/\/solaris.lem.pl\/blog\/wp-content\/uploads\/2015\/10\/dzienniki_plakat_1200px-206x300.jpg\" alt=\"lem dzienniki gwiazdowe plakat\" width=\"206\" height=\"300\" class=\"size-medium wp-image-351\" srcset=\"https:\/\/solaris.lem.pl\/blog\/wp-content\/uploads\/2015\/10\/dzienniki_plakat_1200px-206x300.jpg 206w, https:\/\/solaris.lem.pl\/blog\/wp-content\/uploads\/2015\/10\/dzienniki_plakat_1200px-703x1024.jpg 703w, https:\/\/solaris.lem.pl\/blog\/wp-content\/uploads\/2015\/10\/dzienniki_plakat_1200px-900x1310.jpg 900w, https:\/\/solaris.lem.pl\/blog\/wp-content\/uploads\/2015\/10\/dzienniki_plakat_1200px.jpg 1200w\" sizes=\"(max-width: 206px) 100vw, 206px\" \/><\/a><p id=\"caption-attachment-351\" class=\"wp-caption-text\">Plakat Sebastiana Baumana, laureata og\u0142oszonego przez Teatr konkursu<\/p><\/div>26 wrze\u015bnia mia\u0142a miejsce premiera adaptacji \u201cDziennik\u00f3w gwiazdowych\u201d, dokonanej przez Andrzeja Bartnikowskiego na deskach Olszty\u0144skiego Teatru Lalek. Przedstawienie zebra\u0142o \u015bwietne recenzje, krytycy podkre\u015blaj\u0105, \u017ce re\u017cyser trafnie odebra\u0142 satyryczne przes\u0142anie ksi\u0105\u017cki, jakie si\u0119 kryje pod warstw\u0105 humoru i barwnych opowie\u015bci, czyli refleksj\u0119 Lema na temat ludzkiej natury. Zwiedzaj\u0105c bowiem nawet najbardziej odleg\u0142e \u015bwiaty, tak naprawd\u0119 g\u0142\u00f3wny bohater Ijon Tichy, kosmiczny podr\u00f3\u017cnik, nie rusza si\u0119 poza stref\u0119 naszego macierzystego globu. Jak m\u00f3wi sam tw\u00f3rca spektaklu:<\/p>\n<blockquote><p>Par\u0119 lat temu, ot tak z ciekawo\u015bci, wr\u00f3ci\u0142em do kilku ksi\u0105\u017cek Lema, w tym i do &#8222;Dziennik\u00f3w&#8221;. Jakie\u017c by\u0142o moje zdumienie, kiedy odkry\u0142em, \u017ce czytam nie jak\u0105\u015b komedi\u0119 sf., ale niezwykle fascynuj\u0105cy traktat filozoficzny, ubrany w atrakcyjny kostium powie\u015bci skrz\u0105cej si\u0119 humorem i niczym nieskr\u0119powan\u0105 wyobra\u017ani\u0105.<\/p><\/blockquote>\n","protected":false},"excerpt":{"rendered":"<p>26 wrze\u015bnia mia\u0142a miejsce premiera adaptacji \u201cDziennik\u00f3w gwiazdowych\u201d, dokonanej przez Andrzeja Bartnikowskiego na deskach Olszty\u0144skiego Teatru Lalek. Przedstawienie zebra\u0142o \u015bwietne recenzje, krytycy podkre\u015blaj\u0105, \u017ce re\u017cyser trafnie odebra\u0142 satyryczne przes\u0142anie ksi\u0105\u017cki, jakie si\u0119 kryje pod warstw\u0105 humoru i barwnych opowie\u015bci, czyli &hellip; <a href=\"https:\/\/solaris.lem.pl\/blog\/dzienniki-gwiazdowe-na-deskach-olsztynskiego-teatru-lalek\/\">Czytaj dalej <span class=\"meta-nav\">&rarr;<\/span><\/a><\/p>\n","protected":false},"author":1,"featured_media":0,"comment_status":"open","ping_status":"open","sticky":false,"template":"","format":"standard","meta":[],"categories":[8],"tags":[54,47,53,55],"_links":{"self":[{"href":"https:\/\/solaris.lem.pl\/blog\/wp-json\/wp\/v2\/posts\/350"}],"collection":[{"href":"https:\/\/solaris.lem.pl\/blog\/wp-json\/wp\/v2\/posts"}],"about":[{"href":"https:\/\/solaris.lem.pl\/blog\/wp-json\/wp\/v2\/types\/post"}],"author":[{"embeddable":true,"href":"https:\/\/solaris.lem.pl\/blog\/wp-json\/wp\/v2\/users\/1"}],"replies":[{"embeddable":true,"href":"https:\/\/solaris.lem.pl\/blog\/wp-json\/wp\/v2\/comments?post=350"}],"version-history":[{"count":3,"href":"https:\/\/solaris.lem.pl\/blog\/wp-json\/wp\/v2\/posts\/350\/revisions"}],"predecessor-version":[{"id":354,"href":"https:\/\/solaris.lem.pl\/blog\/wp-json\/wp\/v2\/posts\/350\/revisions\/354"}],"wp:attachment":[{"href":"https:\/\/solaris.lem.pl\/blog\/wp-json\/wp\/v2\/media?parent=350"}],"wp:term":[{"taxonomy":"category","embeddable":true,"href":"https:\/\/solaris.lem.pl\/blog\/wp-json\/wp\/v2\/categories?post=350"},{"taxonomy":"post_tag","embeddable":true,"href":"https:\/\/solaris.lem.pl\/blog\/wp-json\/wp\/v2\/tags?post=350"}],"curies":[{"name":"wp","href":"https:\/\/api.w.org\/{rel}","templated":true}]}}