{"id":333,"date":"2015-10-07T16:49:38","date_gmt":"2015-10-07T14:49:38","guid":{"rendered":"http:\/\/solaris.lem.pl\/blog\/?p=333"},"modified":"2015-10-07T17:05:55","modified_gmt":"2015-10-07T15:05:55","slug":"seria-wydawnictwa-literackiego-2012-2015","status":"publish","type":"post","link":"https:\/\/solaris.lem.pl\/blog\/seria-wydawnictwa-literackiego-2012-2015\/","title":{"rendered":"Seria Wydawnictwa Literackiego 2012-2015"},"content":{"rendered":"\n\t\t<style type=\"text\/css\">\n\t\t\t#gallery-1 {\n\t\t\t\tmargin: auto;\n\t\t\t}\n\t\t\t#gallery-1 .gallery-item {\n\t\t\t\tfloat: left;\n\t\t\t\tmargin-top: 10px;\n\t\t\t\ttext-align: center;\n\t\t\t\twidth: 25%;\n\t\t\t}\n\t\t\t#gallery-1 img {\n\t\t\t\tborder: 2px solid #cfcfcf;\n\t\t\t}\n\t\t\t#gallery-1 .gallery-caption {\n\t\t\t\tmargin-left: 0;\n\t\t\t}\n\t\t\t\/* see gallery_shortcode() in wp-includes\/media.php *\/\n\t\t<\/style>\n\t\t<div id='gallery-1' class='gallery galleryid-333 gallery-columns-4 gallery-size-medium'><dl class='gallery-item'>\n\t\t\t<dt class='gallery-icon portrait'>\n\t\t\t\t<a href='https:\/\/solaris.lem.pl\/blog\/seria-wydawnictwa-literackiego-2012-2015\/tales_of_pirx_the_pilot_polish_wl_2012\/'><img width=\"187\" height=\"300\" src=\"https:\/\/solaris.lem.pl\/blog\/wp-content\/uploads\/2015\/10\/Tales_of_Pirx_the_Pilot_Polish_WL_2012-187x300.jpg\" class=\"attachment-medium size-medium\" alt=\"Stanis\u0142aw Lem &quot;Opowie\u015bci o pilocie Pirxie&quot; WL, Krak\u00f3w 2012\" loading=\"lazy\" srcset=\"https:\/\/solaris.lem.pl\/blog\/wp-content\/uploads\/2015\/10\/Tales_of_Pirx_the_Pilot_Polish_WL_2012-187x300.jpg 187w, https:\/\/solaris.lem.pl\/blog\/wp-content\/uploads\/2015\/10\/Tales_of_Pirx_the_Pilot_Polish_WL_2012-639x1024.jpg 639w, https:\/\/solaris.lem.pl\/blog\/wp-content\/uploads\/2015\/10\/Tales_of_Pirx_the_Pilot_Polish_WL_2012.jpg 900w\" sizes=\"(max-width: 187px) 100vw, 187px\" \/><\/a>\n\t\t\t<\/dt><\/dl><dl class='gallery-item'>\n\t\t\t<dt class='gallery-icon portrait'>\n\t\t\t\t<a href='https:\/\/solaris.lem.pl\/blog\/seria-wydawnictwa-literackiego-2012-2015\/star_diaries_polish_wl_2012\/'><img width=\"190\" height=\"300\" src=\"https:\/\/solaris.lem.pl\/blog\/wp-content\/uploads\/2015\/10\/Star_Diaries_Polish_WL_2012-190x300.jpg\" class=\"attachment-medium size-medium\" alt=\"Stanis\u0142aw Lem &quot;Dzienniki gwiazdowe&quot; WL, Krak\u00f3w 2012\" loading=\"lazy\" srcset=\"https:\/\/solaris.lem.pl\/blog\/wp-content\/uploads\/2015\/10\/Star_Diaries_Polish_WL_2012-190x300.jpg 190w, https:\/\/solaris.lem.pl\/blog\/wp-content\/uploads\/2015\/10\/Star_Diaries_Polish_WL_2012-649x1024.jpg 649w, https:\/\/solaris.lem.pl\/blog\/wp-content\/uploads\/2015\/10\/Star_Diaries_Polish_WL_2012.jpg 900w\" sizes=\"(max-width: 190px) 100vw, 190px\" \/><\/a>\n\t\t\t<\/dt><\/dl><dl class='gallery-item'>\n\t\t\t<dt class='gallery-icon portrait'>\n\t\t\t\t<a href='https:\/\/solaris.lem.pl\/blog\/seria-wydawnictwa-literackiego-2012-2015\/solaris_polish_wl_2012\/'><img width=\"189\" height=\"300\" src=\"https:\/\/solaris.lem.pl\/blog\/wp-content\/uploads\/2015\/10\/Solaris_Polish_WL_2012-189x300.jpg\" class=\"attachment-medium size-medium\" alt=\"Stanis\u0142aw Lem &quot;Solaris&quot; WL, Krakow 2012\" loading=\"lazy\" srcset=\"https:\/\/solaris.lem.pl\/blog\/wp-content\/uploads\/2015\/10\/Solaris_Polish_WL_2012-189x300.jpg 189w, https:\/\/solaris.lem.pl\/blog\/wp-content\/uploads\/2015\/10\/Solaris_Polish_WL_2012-644x1024.jpg 644w, https:\/\/solaris.lem.pl\/blog\/wp-content\/uploads\/2015\/10\/Solaris_Polish_WL_2012.jpg 900w\" sizes=\"(max-width: 189px) 100vw, 189px\" \/><\/a>\n\t\t\t<\/dt><\/dl><dl class='gallery-item'>\n\t\t\t<dt class='gallery-icon portrait'>\n\t\t\t\t<a href='https:\/\/solaris.lem.pl\/blog\/seria-wydawnictwa-literackiego-2012-2015\/mortal_engines_wl_2012\/'><img width=\"188\" height=\"300\" src=\"https:\/\/solaris.lem.pl\/blog\/wp-content\/uploads\/2015\/10\/Mortal_Engines_WL_2012-188x300.jpg\" class=\"attachment-medium size-medium\" alt=\"Stanis\u0142aw Lem &quot;Bajki robot\u00f3w&quot;, WL 2012\" loading=\"lazy\" srcset=\"https:\/\/solaris.lem.pl\/blog\/wp-content\/uploads\/2015\/10\/Mortal_Engines_WL_2012-188x300.jpg 188w, https:\/\/solaris.lem.pl\/blog\/wp-content\/uploads\/2015\/10\/Mortal_Engines_WL_2012-641x1024.jpg 641w, https:\/\/solaris.lem.pl\/blog\/wp-content\/uploads\/2015\/10\/Mortal_Engines_WL_2012.jpg 900w\" sizes=\"(max-width: 188px) 100vw, 188px\" \/><\/a>\n\t\t\t<\/dt><\/dl><br style=\"clear: both\" \/><dl class='gallery-item'>\n\t\t\t<dt class='gallery-icon portrait'>\n\t\t\t\t<a href='https:\/\/solaris.lem.pl\/blog\/seria-wydawnictwa-literackiego-2012-2015\/invincible_polish_wl_2015\/'><img width=\"187\" height=\"300\" src=\"https:\/\/solaris.lem.pl\/blog\/wp-content\/uploads\/2015\/10\/Invincible_Polish_WL_2015-187x300.jpg\" class=\"attachment-medium size-medium\" alt=\"Stanis\u0142aw Lem &quot;Niezwyci\u0119\u017cony&quot; WL, Krakow 2015\" loading=\"lazy\" srcset=\"https:\/\/solaris.lem.pl\/blog\/wp-content\/uploads\/2015\/10\/Invincible_Polish_WL_2015-187x300.jpg 187w, https:\/\/solaris.lem.pl\/blog\/wp-content\/uploads\/2015\/10\/Invincible_Polish_WL_2015-638x1024.jpg 638w, https:\/\/solaris.lem.pl\/blog\/wp-content\/uploads\/2015\/10\/Invincible_Polish_WL_2015.jpg 900w\" sizes=\"(max-width: 187px) 100vw, 187px\" \/><\/a>\n\t\t\t<\/dt><\/dl><dl class='gallery-item'>\n\t\t\t<dt class='gallery-icon portrait'>\n\t\t\t\t<a href='https:\/\/solaris.lem.pl\/blog\/seria-wydawnictwa-literackiego-2012-2015\/futurological_congress_polish_wl_2012\/'><img width=\"188\" height=\"300\" src=\"https:\/\/solaris.lem.pl\/blog\/wp-content\/uploads\/2015\/10\/Futurological_Congress_Polish_WL_2012-188x300.jpg\" class=\"attachment-medium size-medium\" alt=\"Stanis\u0142aw Lem &quot;Kongres Futurologiczny&quot; WL, Krak\u00f3w 2012\" loading=\"lazy\" srcset=\"https:\/\/solaris.lem.pl\/blog\/wp-content\/uploads\/2015\/10\/Futurological_Congress_Polish_WL_2012-188x300.jpg 188w, https:\/\/solaris.lem.pl\/blog\/wp-content\/uploads\/2015\/10\/Futurological_Congress_Polish_WL_2012-641x1024.jpg 641w, https:\/\/solaris.lem.pl\/blog\/wp-content\/uploads\/2015\/10\/Futurological_Congress_Polish_WL_2012.jpg 900w\" sizes=\"(max-width: 188px) 100vw, 188px\" \/><\/a>\n\t\t\t<\/dt><\/dl><dl class='gallery-item'>\n\t\t\t<dt class='gallery-icon portrait'>\n\t\t\t\t<a href='https:\/\/solaris.lem.pl\/blog\/seria-wydawnictwa-literackiego-2012-2015\/cyberiad_polish_wl_2015\/'><img width=\"188\" height=\"300\" src=\"https:\/\/solaris.lem.pl\/blog\/wp-content\/uploads\/2015\/10\/Cyberiad_Polish_WL_2015-188x300.jpg\" class=\"attachment-medium size-medium\" alt=\"Stanis\u0142aw Lem, &quot;Cyberiada&quot; WL, Krak\u00f3w 2015\" loading=\"lazy\" srcset=\"https:\/\/solaris.lem.pl\/blog\/wp-content\/uploads\/2015\/10\/Cyberiad_Polish_WL_2015-188x300.jpg 188w, https:\/\/solaris.lem.pl\/blog\/wp-content\/uploads\/2015\/10\/Cyberiad_Polish_WL_2015-640x1024.jpg 640w, https:\/\/solaris.lem.pl\/blog\/wp-content\/uploads\/2015\/10\/Cyberiad_Polish_WL_2015.jpg 900w\" sizes=\"(max-width: 188px) 100vw, 188px\" \/><\/a>\n\t\t\t<\/dt><\/dl>\n\t\t\t<br style='clear: both' \/>\n\t\t<\/div>\n\n","protected":false},"excerpt":{"rendered":"","protected":false},"author":1,"featured_media":0,"comment_status":"open","ping_status":"open","sticky":false,"template":"","format":"standard","meta":[],"categories":[2],"tags":[51,52,50],"_links":{"self":[{"href":"https:\/\/solaris.lem.pl\/blog\/wp-json\/wp\/v2\/posts\/333"}],"collection":[{"href":"https:\/\/solaris.lem.pl\/blog\/wp-json\/wp\/v2\/posts"}],"about":[{"href":"https:\/\/solaris.lem.pl\/blog\/wp-json\/wp\/v2\/types\/post"}],"author":[{"embeddable":true,"href":"https:\/\/solaris.lem.pl\/blog\/wp-json\/wp\/v2\/users\/1"}],"replies":[{"embeddable":true,"href":"https:\/\/solaris.lem.pl\/blog\/wp-json\/wp\/v2\/comments?post=333"}],"version-history":[{"count":2,"href":"https:\/\/solaris.lem.pl\/blog\/wp-json\/wp\/v2\/posts\/333\/revisions"}],"predecessor-version":[{"id":342,"href":"https:\/\/solaris.lem.pl\/blog\/wp-json\/wp\/v2\/posts\/333\/revisions\/342"}],"wp:attachment":[{"href":"https:\/\/solaris.lem.pl\/blog\/wp-json\/wp\/v2\/media?parent=333"}],"wp:term":[{"taxonomy":"category","embeddable":true,"href":"https:\/\/solaris.lem.pl\/blog\/wp-json\/wp\/v2\/categories?post=333"},{"taxonomy":"post_tag","embeddable":true,"href":"https:\/\/solaris.lem.pl\/blog\/wp-json\/wp\/v2\/tags?post=333"}],"curies":[{"name":"wp","href":"https:\/\/api.w.org\/{rel}","templated":true}]}}