{"id":31,"date":"2015-04-11T13:45:29","date_gmt":"2015-04-11T11:45:29","guid":{"rendered":"http:\/\/solaris.lem.pl\/blog\/?p=31"},"modified":"2015-06-03T16:20:31","modified_gmt":"2015-06-03T14:20:31","slug":"mural-lem","status":"publish","type":"post","link":"https:\/\/solaris.lem.pl\/blog\/mural-lem\/","title":{"rendered":"Mural Lem"},"content":{"rendered":"<p><a href=\"http:\/\/solaris.lem.pl\/blog\/wp-content\/uploads\/2015\/04\/mural_lem_krakow.jpg\"><img loading=\"lazy\" class=\"alignleft wp-image-32 size-full\" src=\"http:\/\/solaris.lem.pl\/blog\/wp-content\/uploads\/2015\/04\/mural_lem_krakow.jpg\" alt=\"mural_lem_krakow\" width=\"300\" height=\"596\" srcset=\"https:\/\/solaris.lem.pl\/blog\/wp-content\/uploads\/2015\/04\/mural_lem_krakow.jpg 300w, https:\/\/solaris.lem.pl\/blog\/wp-content\/uploads\/2015\/04\/mural_lem_krakow-151x300.jpg 151w\" sizes=\"(max-width: 300px) 100vw, 300px\" \/><\/a>W Krakowie przy u. J\u00f3zefi\u0144skiej pojawi\u0142 si\u0119 nowy literacki mural &#8222;Pomy\u015bl: Literatura!\/Lem&#8221;, inspirowany tw\u00f3rczo\u015bci\u0105 Stanis\u0142awa Lema. Projekt powsta\u0142 pod auspicjami Fundacji Sztuki Nowej ZNACZY SI\u0118 i Krakowskiego Biura Festiwalowego, w zwi\u0105zku ze zbli\u017caj\u0105cym si\u0119 Festiwalem Conrada. Spogl\u0105daj\u0105cy z g\u00f3ry na nerwow\u0105 krz\u0105tanin\u0119 ludzi, monumentalny robot ma nam u\u015bwiadomi\u0107 wzgl\u0119dno\u015b\u0107 antropocentrycznej perspektywy. Jak m\u00f3wi autor muralu, Filip Ku\u017aniar: Robot krocz\u0105cy ulicami miasta spogl\u0105da od wczoraj na wszystkich, przechodz\u0105cych obok budynku przy ul. J\u00f3zefi\u0144skiej 24. Z jego perspektywy codzienna krz\u0105tanina jest zabawnie bezcelowa, rzeczy, kt\u00f3re okre\u015blaj\u0105 nasz byt dla niego s\u0105 mechanicznym (o ironio) chodzeniem w k\u00f3\u0142ko. Jego sta\u0142o\u015b\u0107 wizerunku ukazuje, jak relatywny jest czas. Nasz dzie\u0144 to dla niego sekunda i w t\u0119 sekund\u0119 potrafimy min\u0105\u0107 go bezrefleksyjnie kilka razy. On stoi przera\u017caj\u0105co trwa\u0142y, niezniszczalny, nieruchomy: wielki, pot\u0119\u017cny, wieczny, idol epoki wsp\u00f3\u0142czesnej<\/p>\n<blockquote><p>&#8222;Machiny my\u015bl\u0105ce b\u0119d\u0105 nam przedstawia\u0142y wyniki swoich rozwa\u017ca\u0144 teoretycznych, kt\u00f3re my potrafimy, by\u0107 mo\u017ce zastosowa\u0107, ale kt\u00f3rych nie b\u0119dziemy ju\u017c w stanie zrozumie\u0107. Coraz wi\u0119ksza b\u0119dzie dziedzina zjawisk, nad kt\u00f3rymi piecz\u0119 roztacza\u0107 b\u0119d\u0105 automaty. Na koniec ludzie skarlej\u0105 do wymiaru bezm\u00f3zgich s\u0142ug \u017celaznych geniuszy i, by\u0107 mo\u017ce, poczn\u0105 oddawa\u0107 im cze\u015b\u0107 bosk\u0105\u2026&#8221;<\/p>\n<p>(Stanis\u0142aw Lem, &#8222;Dialogi&#8221;)<\/p><\/blockquote>\n","protected":false},"excerpt":{"rendered":"<p>W Krakowie przy u. J\u00f3zefi\u0144skiej pojawi\u0142 si\u0119 nowy literacki mural &#8222;Pomy\u015bl: Literatura!\/Lem&#8221;, inspirowany tw\u00f3rczo\u015bci\u0105 Stanis\u0142awa Lema. Projekt powsta\u0142 pod auspicjami Fundacji Sztuki Nowej ZNACZY SI\u0118 i Krakowskiego Biura Festiwalowego, w zwi\u0105zku ze zbli\u017caj\u0105cym si\u0119 Festiwalem Conrada. Spogl\u0105daj\u0105cy z g\u00f3ry na &hellip; <a href=\"https:\/\/solaris.lem.pl\/blog\/mural-lem\/\">Czytaj dalej <span class=\"meta-nav\">&rarr;<\/span><\/a><\/p>\n","protected":false},"author":1,"featured_media":0,"comment_status":"open","ping_status":"open","sticky":false,"template":"","format":"standard","meta":[],"categories":[3],"tags":[23,6,21],"_links":{"self":[{"href":"https:\/\/solaris.lem.pl\/blog\/wp-json\/wp\/v2\/posts\/31"}],"collection":[{"href":"https:\/\/solaris.lem.pl\/blog\/wp-json\/wp\/v2\/posts"}],"about":[{"href":"https:\/\/solaris.lem.pl\/blog\/wp-json\/wp\/v2\/types\/post"}],"author":[{"embeddable":true,"href":"https:\/\/solaris.lem.pl\/blog\/wp-json\/wp\/v2\/users\/1"}],"replies":[{"embeddable":true,"href":"https:\/\/solaris.lem.pl\/blog\/wp-json\/wp\/v2\/comments?post=31"}],"version-history":[{"count":2,"href":"https:\/\/solaris.lem.pl\/blog\/wp-json\/wp\/v2\/posts\/31\/revisions"}],"predecessor-version":[{"id":34,"href":"https:\/\/solaris.lem.pl\/blog\/wp-json\/wp\/v2\/posts\/31\/revisions\/34"}],"wp:attachment":[{"href":"https:\/\/solaris.lem.pl\/blog\/wp-json\/wp\/v2\/media?parent=31"}],"wp:term":[{"taxonomy":"category","embeddable":true,"href":"https:\/\/solaris.lem.pl\/blog\/wp-json\/wp\/v2\/categories?post=31"},{"taxonomy":"post_tag","embeddable":true,"href":"https:\/\/solaris.lem.pl\/blog\/wp-json\/wp\/v2\/tags?post=31"}],"curies":[{"name":"wp","href":"https:\/\/api.w.org\/{rel}","templated":true}]}}