{"id":299,"date":"2015-09-24T17:53:28","date_gmt":"2015-09-24T15:53:28","guid":{"rendered":"http:\/\/solaris.lem.pl\/blog\/?p=299"},"modified":"2015-09-24T17:59:45","modified_gmt":"2015-09-24T15:59:45","slug":"nadmiar-swobody","status":"publish","type":"post","link":"https:\/\/solaris.lem.pl\/blog\/nadmiar-swobody\/","title":{"rendered":"nadmiar swobody"},"content":{"rendered":"<h2 class=\"led\">gdy w hymnie, zw\u0142aszcza narodowym albo pa\u0144stwowym, powtarza si\u0119 zbyt wiele razy s\u0142owo \u201eswoboda\u201d, czyli wolno\u015b\u0107 \u2014 to jest bardzo podejrzane<\/h2>\n<p><a href=\"http:\/\/solaris.lem.pl\/blog\/wp-content\/uploads\/2015\/09\/stanislaw_lem_swiat_na_krawedzi_2007.jpg\"><img loading=\"lazy\" class=\"alignright wp-image-303\" src=\"http:\/\/solaris.lem.pl\/blog\/wp-content\/uploads\/2015\/09\/stanislaw_lem_swiat_na_krawedzi_2007-217x300.jpg\" alt=\"stanislaw lem swiat na krawedzi 2007\" width=\"180\" height=\"249\" srcset=\"https:\/\/solaris.lem.pl\/blog\/wp-content\/uploads\/2015\/09\/stanislaw_lem_swiat_na_krawedzi_2007-217x300.jpg 217w, https:\/\/solaris.lem.pl\/blog\/wp-content\/uploads\/2015\/09\/stanislaw_lem_swiat_na_krawedzi_2007.jpg 434w\" sizes=\"(max-width: 180px) 100vw, 180px\" \/><\/a><\/p>\n<blockquote><p>Zawsze by\u0142 u nas ten jaki\u015b element sentymentalno\u2013romantyczny, szary b\u00f3r i tak dalej. A z czas\u00f3w sowieckich zapami\u0119ta\u0142em wa\u017cn\u0105 nauk\u0119: \u017ce gdy w hymnie, zw\u0142aszcza narodowym albo pa\u0144stwowym, powtarza si\u0119 zbyt wiele razy s\u0142owo \u201eswoboda\u201d, czyli wolno\u015b\u0107 \u2014 to jest bardzo podejrzane. Jak napisa\u0142 chyba Mro\u017cek: tam gdzie jest prawdziwa wolno\u015b\u0107, tam nie ma wolno\u015bci zwyczajnej.<\/p>\n<p><span class=\"note\">&#8222;\u015awiat na kraw\u0119dzi. Ze Stanis\u0142awem Lemem rozmawia Tomasz Fia\u0142kowski&#8221;, Wydawnictwo Literackie, Krak\u00f3w 2007, str. 53<\/span><\/p><\/blockquote>\n","protected":false},"excerpt":{"rendered":"<p>gdy w hymnie, zw\u0142aszcza narodowym albo pa\u0144stwowym, powtarza si\u0119 zbyt wiele razy s\u0142owo \u201eswoboda\u201d, czyli wolno\u015b\u0107 \u2014 to jest bardzo podejrzane Zawsze by\u0142 u nas ten jaki\u015b element sentymentalno\u2013romantyczny, szary b\u00f3r i tak dalej. A z czas\u00f3w sowieckich zapami\u0119ta\u0142em wa\u017cn\u0105 &hellip; <a href=\"https:\/\/solaris.lem.pl\/blog\/nadmiar-swobody\/\">Czytaj dalej <span class=\"meta-nav\">&rarr;<\/span><\/a><\/p>\n","protected":false},"author":1,"featured_media":0,"comment_status":"open","ping_status":"open","sticky":false,"template":"","format":"standard","meta":[],"categories":[10],"tags":[48],"_links":{"self":[{"href":"https:\/\/solaris.lem.pl\/blog\/wp-json\/wp\/v2\/posts\/299"}],"collection":[{"href":"https:\/\/solaris.lem.pl\/blog\/wp-json\/wp\/v2\/posts"}],"about":[{"href":"https:\/\/solaris.lem.pl\/blog\/wp-json\/wp\/v2\/types\/post"}],"author":[{"embeddable":true,"href":"https:\/\/solaris.lem.pl\/blog\/wp-json\/wp\/v2\/users\/1"}],"replies":[{"embeddable":true,"href":"https:\/\/solaris.lem.pl\/blog\/wp-json\/wp\/v2\/comments?post=299"}],"version-history":[{"count":7,"href":"https:\/\/solaris.lem.pl\/blog\/wp-json\/wp\/v2\/posts\/299\/revisions"}],"predecessor-version":[{"id":309,"href":"https:\/\/solaris.lem.pl\/blog\/wp-json\/wp\/v2\/posts\/299\/revisions\/309"}],"wp:attachment":[{"href":"https:\/\/solaris.lem.pl\/blog\/wp-json\/wp\/v2\/media?parent=299"}],"wp:term":[{"taxonomy":"category","embeddable":true,"href":"https:\/\/solaris.lem.pl\/blog\/wp-json\/wp\/v2\/categories?post=299"},{"taxonomy":"post_tag","embeddable":true,"href":"https:\/\/solaris.lem.pl\/blog\/wp-json\/wp\/v2\/tags?post=299"}],"curies":[{"name":"wp","href":"https:\/\/api.w.org\/{rel}","templated":true}]}}