{"id":282,"date":"2015-09-16T19:25:27","date_gmt":"2015-09-16T17:25:27","guid":{"rendered":"http:\/\/solaris.lem.pl\/blog\/?p=282"},"modified":"2016-02-16T18:23:06","modified_gmt":"2016-02-16T17:23:06","slug":"chronocykl","status":"publish","type":"post","link":"https:\/\/solaris.lem.pl\/blog\/chronocykl\/","title":{"rendered":"chronocykl"},"content":{"rendered":"<p class=\"led\">CHRONOCYKL: pojazd do poruszania si\u0119 w czasie [por. (bi)cykl, (mono)cykl, (moto)cykl]<\/p>\n<div class=\"dymek\"><\/div>\n<p>Chronocykl pojawia si\u0119 w &#8222;Podr\u00f3\u017cy dwudziestej&#8221; z &#8222;Dziennik\u00f3w gwiazdowych&#8221; i stanowi co\u015b w rodzaju skrzy\u017cowania miot\u0142y z rowerem bez peda\u0142\u00f3w. Wiele \u015bredniowiecznych legend i zabobon\u00f3w zosta\u0142o wywo\u0142anych przez nielegaln\u0105 chronomocj\u0119, czyli dzikie skoki w przesz\u0142o\u015b\u0107, uprawiane przez \u017c\u0105dn\u0105 mocnych wra\u017ce\u0144 m\u0142odzie\u017c.<\/p>\n<blockquote><p><a href=\"http:\/\/solaris.lem.pl\/blog\/wp-content\/uploads\/2015\/09\/chronocykl.jpg\"><img loading=\"lazy\" src=\"http:\/\/solaris.lem.pl\/blog\/wp-content\/uploads\/2015\/09\/chronocykl-300x175.jpg\" alt=\"chronocykl\" width=\"300\" height=\"175\" class=\"alignright size-medium wp-image-291\" srcset=\"https:\/\/solaris.lem.pl\/blog\/wp-content\/uploads\/2015\/09\/chronocykl-300x175.jpg 300w, https:\/\/solaris.lem.pl\/blog\/wp-content\/uploads\/2015\/09\/chronocykl-500x291.jpg 500w, https:\/\/solaris.lem.pl\/blog\/wp-content\/uploads\/2015\/09\/chronocykl.jpg 600w\" sizes=\"(max-width: 300px) 100vw, 300px\" \/><\/a>Chronocykl indywidualny stanowi rura z siode\u0142kiem i lejem wylotowym, tote\u017c, zw\u0142aszcza przy niedostatecznym o\u015bwietleniu, mo\u017cna go wzi\u0105\u0107 za miot\u0142\u0119. R\u00f3\u017cne bezwstydnice wypuszcza\u0142y si\u0119 na przeja\u017cd\u017cki, najch\u0119tniej noc\u0105, by straszy\u0107 wie\u015bniak\u00f3w wczesnego \u015bredniowiecza.<br \/>\n<br \/>\n<note>Stanis\u0142aw Lem &#8222;Dzienniki gwiazdowe&#8221;, Wydawnictwo Literackie, Krak\u00f3w 2002, str. 197<\/note><\/p><\/blockquote>\n","protected":false},"excerpt":{"rendered":"<p>CHRONOCYKL: pojazd do poruszania si\u0119 w czasie [por. (bi)cykl, (mono)cykl, (moto)cykl] Chronocykl pojawia si\u0119 w &#8222;Podr\u00f3\u017cy dwudziestej&#8221; z &#8222;Dziennik\u00f3w gwiazdowych&#8221; i stanowi co\u015b w rodzaju skrzy\u017cowania miot\u0142y z rowerem bez peda\u0142\u00f3w. Wiele \u015bredniowiecznych legend i zabobon\u00f3w zosta\u0142o wywo\u0142anych przez nielegaln\u0105 &hellip; <a href=\"https:\/\/solaris.lem.pl\/blog\/chronocykl\/\">Czytaj dalej <span class=\"meta-nav\">&rarr;<\/span><\/a><\/p>\n","protected":false},"author":1,"featured_media":0,"comment_status":"open","ping_status":"open","sticky":false,"template":"","format":"standard","meta":[],"categories":[41],"tags":[47],"_links":{"self":[{"href":"https:\/\/solaris.lem.pl\/blog\/wp-json\/wp\/v2\/posts\/282"}],"collection":[{"href":"https:\/\/solaris.lem.pl\/blog\/wp-json\/wp\/v2\/posts"}],"about":[{"href":"https:\/\/solaris.lem.pl\/blog\/wp-json\/wp\/v2\/types\/post"}],"author":[{"embeddable":true,"href":"https:\/\/solaris.lem.pl\/blog\/wp-json\/wp\/v2\/users\/1"}],"replies":[{"embeddable":true,"href":"https:\/\/solaris.lem.pl\/blog\/wp-json\/wp\/v2\/comments?post=282"}],"version-history":[{"count":6,"href":"https:\/\/solaris.lem.pl\/blog\/wp-json\/wp\/v2\/posts\/282\/revisions"}],"predecessor-version":[{"id":443,"href":"https:\/\/solaris.lem.pl\/blog\/wp-json\/wp\/v2\/posts\/282\/revisions\/443"}],"wp:attachment":[{"href":"https:\/\/solaris.lem.pl\/blog\/wp-json\/wp\/v2\/media?parent=282"}],"wp:term":[{"taxonomy":"category","embeddable":true,"href":"https:\/\/solaris.lem.pl\/blog\/wp-json\/wp\/v2\/categories?post=282"},{"taxonomy":"post_tag","embeddable":true,"href":"https:\/\/solaris.lem.pl\/blog\/wp-json\/wp\/v2\/tags?post=282"}],"curies":[{"name":"wp","href":"https:\/\/api.w.org\/{rel}","templated":true}]}}