{"id":27,"date":"2015-04-11T13:43:35","date_gmt":"2015-04-11T11:43:35","guid":{"rendered":"http:\/\/solaris.lem.pl\/blog\/?p=27"},"modified":"2015-04-23T19:23:39","modified_gmt":"2015-04-23T17:23:39","slug":"polska-premiera-cyberiady-krzysztofa-meyera","status":"publish","type":"post","link":"https:\/\/solaris.lem.pl\/blog\/polska-premiera-cyberiady-krzysztofa-meyera\/","title":{"rendered":"Polska premiera &#8222;Cyberiady&#8221; Krzysztofa Meyera"},"content":{"rendered":"<p><a href=\"http:\/\/solaris.lem.pl\/blog\/wp-content\/uploads\/2015\/04\/cyberiada_meyer_opera.jpg\"><img loading=\"lazy\" class=\" size-medium wp-image-28 alignleft\" src=\"http:\/\/solaris.lem.pl\/blog\/wp-content\/uploads\/2015\/04\/cyberiada_meyer_opera-209x300.jpg\" alt=\"cyberiada_meyer_opera\" width=\"209\" height=\"300\" srcset=\"https:\/\/solaris.lem.pl\/blog\/wp-content\/uploads\/2015\/04\/cyberiada_meyer_opera-209x300.jpg 209w, https:\/\/solaris.lem.pl\/blog\/wp-content\/uploads\/2015\/04\/cyberiada_meyer_opera.jpg 250w\" sizes=\"(max-width: 209px) 100vw, 209px\" \/><\/a>Opera Krzysztofa Meyera, napisana w 1970 roku do libretta kompozytora, kt\u00f3ry\u00a0fabu\u0142\u0119 opar\u0142 na opowiadaniach Stanis\u0142awa Lema, zawartych w tomie &#8222;Cyberiada&#8221;. Opera otrzyma\u0142a nagrod\u0119 Grand Prix, przyznawan\u0105 przez ksi\u0119cia Pierre de Monaco.<\/p>\n<p>Krzysztof Meyer nad\u00a0Cyberiad\u0105 pracowa\u0142 w okresie, kiedy polska muzyka awangardowa nasycona by\u0142a tendencjami takimi jak aleatoryzm, sonoryzm czy\u00a0bruityzm. \u201eCyberiada by\u0142a pr\u00f3b\u0105 przeniesienia tych zjawisk na teren muzyki operowej. Okaza\u0142o si\u0119, \u017ce techniki te doskonale nadawa\u0142y si\u0119 do muzyki scenicznej, co wi\u0119cej, by\u0142y w stanie realizowa\u0107 r\u00f3\u017cne odcienie ekspresyjno-wyrazowe &#8211; od dramatycznych po groteskowe, od melancholijnych po weso\u0142e&#8221;.<\/p>\n<p>Polska prapremiera: 25 maja Teatr Wielki im. St. Moniuszki w Poznaniu<br \/>\n<strong>kierownictwo muzyczne:<\/strong> Krzysztof S\u0142owi\u0144ski<br \/>\n<strong>re\u017cyseria i choreografia:<\/strong> Ran Arthur Braun<br \/>\n<strong>scenografia:<\/strong> Justin C. Arienti<br \/>\n<strong>re\u017cyseria \u015bwiate\u0142:<\/strong> Marek Rydian<br \/>\n<strong>kierownictwo ch\u00f3ru:<\/strong> Mariusz Otto<br \/>\n<strong>wsp\u00f3\u0142praca muzyczna:<\/strong> Agnieszka Nag\u00f3rka<br \/>\n<strong>asystent re\u017cysera:<\/strong> Bart\u0142omiej Szczeszek<\/p>\n<p>soli\u015bci, ch\u00f3r i orkiestra Teatru Wielkiego w Poznaniu<\/p>\n<p><strong>OBSADA <\/strong><br \/>\n<strong>CUDZOZIEMIEC<\/strong> Piotr Friebe<br \/>\n<strong>KONSTRUKTOR TRULL \/ STARZEC \/ DUCH TRULLA<\/strong> Wojciech \u015ami\u0142ek<br \/>\n<strong>PIER\u015aCIE\u0143<\/strong> Barbara Gutaj-Monowid<br \/>\n<strong>KR\u00d3LOWA GENIALINA<\/strong> Roma Jakubowska-Handke<br \/>\n<strong>KR\u00d3L MANDRYLION NAJWI\u0118KSZY<\/strong> Marek Szyma\u0144ski<br \/>\n<strong>WIELOWIEC LISTONOSZ<\/strong> Magdalena Wilczy\u0144ska-Go\u015b<br \/>\n<strong>CHYTRIAN,\u00a0KONSTRUKTOR SZAF<\/strong> Tomasz Mazur<br \/>\n<strong>KR\u00d3L ROZPORYK<\/strong> Karol Bocha\u0144ski<br \/>\n<strong>WINODUR POLIMERYCZNY, RYCERZ<\/strong> Rafa\u0142 Korpik<br \/>\n<strong>STARA CYBEROWNICA<\/strong> Sylwia Z\u0142otkowska<br \/>\n<strong>AUTOMATEUSZ<\/strong> Jaromir Trafankowski<br \/>\n<strong>WUCH<\/strong> Natalia Puczniewska \/ Magdalena Wilczy\u0144ska-Go\u015b<br \/>\n<strong>W\u0141A\u015aCICIEL SKLEPU<\/strong> Micha\u0142 Marzec<br \/>\n<strong>TRZY MASZYNY OPOWIADAJ\u0104CE:<\/strong> 1. \u00a0Wies\u0142aw Bednarek 2.\u00a0\u00a0Barbara Gutaj-Monowid 3.\u00a0 Andrzej Og\u00f3rkiewicz<br \/>\n<strong>KONSULENT ADWOKAT\u00d3W<\/strong> Bart\u0142omiej Szczeszek<br \/>\n<strong>JURIS KONSULENT<\/strong> Rafa\u0142 Korpik<br \/>\n<strong>DORADCA DOSKONA\u0141Y<\/strong> Janusz Andrzejewski<\/p>\n","protected":false},"excerpt":{"rendered":"<p>Opera Krzysztofa Meyera, napisana w 1970 roku do libretta kompozytora, kt\u00f3ry\u00a0fabu\u0142\u0119 opar\u0142 na opowiadaniach Stanis\u0142awa Lema, zawartych w tomie &#8222;Cyberiada&#8221;. Opera otrzyma\u0142a nagrod\u0119 Grand Prix, przyznawan\u0105 przez ksi\u0119cia Pierre de Monaco. Krzysztof Meyer nad\u00a0Cyberiad\u0105 pracowa\u0142 w okresie, kiedy polska muzyka &hellip; <a href=\"https:\/\/solaris.lem.pl\/blog\/polska-premiera-cyberiady-krzysztofa-meyera\/\">Czytaj dalej <span class=\"meta-nav\">&rarr;<\/span><\/a><\/p>\n","protected":false},"author":1,"featured_media":0,"comment_status":"open","ping_status":"open","sticky":false,"template":"","format":"standard","meta":[],"categories":[3],"tags":[],"_links":{"self":[{"href":"https:\/\/solaris.lem.pl\/blog\/wp-json\/wp\/v2\/posts\/27"}],"collection":[{"href":"https:\/\/solaris.lem.pl\/blog\/wp-json\/wp\/v2\/posts"}],"about":[{"href":"https:\/\/solaris.lem.pl\/blog\/wp-json\/wp\/v2\/types\/post"}],"author":[{"embeddable":true,"href":"https:\/\/solaris.lem.pl\/blog\/wp-json\/wp\/v2\/users\/1"}],"replies":[{"embeddable":true,"href":"https:\/\/solaris.lem.pl\/blog\/wp-json\/wp\/v2\/comments?post=27"}],"version-history":[{"count":3,"href":"https:\/\/solaris.lem.pl\/blog\/wp-json\/wp\/v2\/posts\/27\/revisions"}],"predecessor-version":[{"id":35,"href":"https:\/\/solaris.lem.pl\/blog\/wp-json\/wp\/v2\/posts\/27\/revisions\/35"}],"wp:attachment":[{"href":"https:\/\/solaris.lem.pl\/blog\/wp-json\/wp\/v2\/media?parent=27"}],"wp:term":[{"taxonomy":"category","embeddable":true,"href":"https:\/\/solaris.lem.pl\/blog\/wp-json\/wp\/v2\/categories?post=27"},{"taxonomy":"post_tag","embeddable":true,"href":"https:\/\/solaris.lem.pl\/blog\/wp-json\/wp\/v2\/tags?post=27"}],"curies":[{"name":"wp","href":"https:\/\/api.w.org\/{rel}","templated":true}]}}