{"id":182,"date":"2015-07-06T14:25:03","date_gmt":"2015-07-06T12:25:03","guid":{"rendered":"http:\/\/solaris.lem.pl\/blog\/?p=182"},"modified":"2015-07-06T14:34:15","modified_gmt":"2015-07-06T12:34:15","slug":"konkurs-na-plakat-teatralny","status":"publish","type":"post","link":"https:\/\/solaris.lem.pl\/blog\/konkurs-na-plakat-teatralny\/","title":{"rendered":"Konkurs na plakat teatralny"},"content":{"rendered":"<p><a href=\"http:\/\/www.teatrlalek.olsztyn.pl\/\" title=\"strona internetowa teatru\"><img loading=\"lazy\" class=\"alignleft size-medium wp-image-184\" src=\"http:\/\/solaris.lem.pl\/blog\/wp-content\/uploads\/2015\/07\/979logo_OTL-300x272.jpg\" alt=\"olszty\u0144ski teatr lalek\" width=\"300\" height=\"272\" srcset=\"https:\/\/solaris.lem.pl\/blog\/wp-content\/uploads\/2015\/07\/979logo_OTL-300x272.jpg 300w, https:\/\/solaris.lem.pl\/blog\/wp-content\/uploads\/2015\/07\/979logo_OTL-1024x929.jpg 1024w, https:\/\/solaris.lem.pl\/blog\/wp-content\/uploads\/2015\/07\/979logo_OTL-331x300.jpg 331w, https:\/\/solaris.lem.pl\/blog\/wp-content\/uploads\/2015\/07\/979logo_OTL-900x817.jpg 900w, https:\/\/solaris.lem.pl\/blog\/wp-content\/uploads\/2015\/07\/979logo_OTL.jpg 1824w\" sizes=\"(max-width: 300px) 100vw, 300px\" \/><\/a> Olszty\u0144ski Teatr Lalek og\u0142osi\u0142 konkurs na plakat teatralny do &#8222;Dziennik\u00f3w gwiazdowych&#8221; Stanis\u0142awa Lema. Tw\u00f3rc\u0105 spektaklu, kt\u00f3ry b\u0119dzie mia\u0142 premier\u0119 we wrze\u015bniu, jest Andrzej Bartnikowski, dramatopisarz i re\u017cyser, absolwent polonistyki Wy\u017cszej Szko\u0142y Pedagogicznej w Olsztynie oraz Akademii Teatralnej w Warszawie (Wydzia\u0142 Re\u017cyserii). Konkurs adresowany jest do plastyk\u00f3w z z regionu Warmii i Mazur, prace nale\u017cy z\u0142o\u017cy\u0107 w terminie do 31 sierpnia 2015 roku, nagroda g\u0142\u00f3wna wynosi 1400 z\u0142otych: <a href=\"http:\/\/solaris.lem.pl\/blog\/wp-content\/uploads\/2015\/07\/KONKURS-plakat-Dzienniki-Gwiazdowe_MBW-ostatecznie.pdf\">zobacz regulamin<\/a>.<\/p>\n","protected":false},"excerpt":{"rendered":"<p>Olszty\u0144ski Teatr Lalek og\u0142osi\u0142 konkurs na plakat teatralny do &#8222;Dziennik\u00f3w gwiazdowych&#8221; Stanis\u0142awa Lema. Tw\u00f3rc\u0105 spektaklu, kt\u00f3ry b\u0119dzie mia\u0142 premier\u0119 we wrze\u015bniu, jest Andrzej Bartnikowski, dramatopisarz i re\u017cyser, absolwent polonistyki Wy\u017cszej Szko\u0142y Pedagogicznej w Olsztynie oraz Akademii Teatralnej w Warszawie (Wydzia\u0142 &hellip; <a href=\"https:\/\/solaris.lem.pl\/blog\/konkurs-na-plakat-teatralny\/\">Czytaj dalej <span class=\"meta-nav\">&rarr;<\/span><\/a><\/p>\n","protected":false},"author":1,"featured_media":0,"comment_status":"open","ping_status":"open","sticky":false,"template":"","format":"standard","meta":[],"categories":[3],"tags":[],"_links":{"self":[{"href":"https:\/\/solaris.lem.pl\/blog\/wp-json\/wp\/v2\/posts\/182"}],"collection":[{"href":"https:\/\/solaris.lem.pl\/blog\/wp-json\/wp\/v2\/posts"}],"about":[{"href":"https:\/\/solaris.lem.pl\/blog\/wp-json\/wp\/v2\/types\/post"}],"author":[{"embeddable":true,"href":"https:\/\/solaris.lem.pl\/blog\/wp-json\/wp\/v2\/users\/1"}],"replies":[{"embeddable":true,"href":"https:\/\/solaris.lem.pl\/blog\/wp-json\/wp\/v2\/comments?post=182"}],"version-history":[{"count":3,"href":"https:\/\/solaris.lem.pl\/blog\/wp-json\/wp\/v2\/posts\/182\/revisions"}],"predecessor-version":[{"id":188,"href":"https:\/\/solaris.lem.pl\/blog\/wp-json\/wp\/v2\/posts\/182\/revisions\/188"}],"wp:attachment":[{"href":"https:\/\/solaris.lem.pl\/blog\/wp-json\/wp\/v2\/media?parent=182"}],"wp:term":[{"taxonomy":"category","embeddable":true,"href":"https:\/\/solaris.lem.pl\/blog\/wp-json\/wp\/v2\/categories?post=182"},{"taxonomy":"post_tag","embeddable":true,"href":"https:\/\/solaris.lem.pl\/blog\/wp-json\/wp\/v2\/tags?post=182"}],"curies":[{"name":"wp","href":"https:\/\/api.w.org\/{rel}","templated":true}]}}