{"id":13,"date":"2015-01-04T18:38:13","date_gmt":"2015-01-04T17:38:13","guid":{"rendered":"http:\/\/solaris.lem.pl\/blog\/?p=13"},"modified":"2015-04-11T13:47:48","modified_gmt":"2015-04-11T11:47:48","slug":"pan-stanislaw-czyli-szkola-w-kosmosie","status":"publish","type":"post","link":"https:\/\/solaris.lem.pl\/blog\/pan-stanislaw-czyli-szkola-w-kosmosie\/","title":{"rendered":"Pan Stanis\u0142aw, czyli szko\u0142a w kosmosie"},"content":{"rendered":"<p><a href=\"http:\/\/solaris.lem.pl\/blog\/wp-content\/uploads\/2015\/03\/pan_stanislaw.png\"><img loading=\"lazy\" class=\"alignleft size-full wp-image-14\" src=\"http:\/\/solaris.lem.pl\/blog\/wp-content\/uploads\/2015\/03\/pan_stanislaw.png\" alt=\"pan_stanislaw\" width=\"250\" height=\"250\" srcset=\"https:\/\/solaris.lem.pl\/blog\/wp-content\/uploads\/2015\/03\/pan_stanislaw.png 250w, https:\/\/solaris.lem.pl\/blog\/wp-content\/uploads\/2015\/03\/pan_stanislaw-150x150.png 150w\" sizes=\"(max-width: 250px) 100vw, 250px\" \/><\/a>projekt popularno \u2013 naukowy, kt\u00f3ry realizowany jest od wrze\u015bnia 2013 roku przez grup\u0119 uczni\u00f3w i fan\u00f3w Lema w\u00a0Gimnazjum nr 1 w L\u0119borku. Inspiracj\u0105 dla realizator\u00f3w projektu jest dorobek literacki Stanis\u0142awa Lema.<\/p>\n<p>Dlaczego Pan Stanis\u0142aw? Bo nazwa LEM zosta\u0142a ju\u017c zarezerwowana dla pierwszego polskiego satelity wyniesionego na orbit\u0119. W programie bior\u0105 udzia\u0142 uczniowie klasy drugiej oraz naukowcy z Centrum Bada\u0144 Kosmicznych, fundacji forScience, PAN, czy Uniwersytetu Jagiello\u0144skiego. Projekt wspierany jest technologicznie przez firm\u0119 Microsoft. G\u0142\u00f3wnym za\u0142o\u017ceniem projektu jest skonstruowanie we wsp\u00f3\u0142pracy z naukowcami z Centrum Bada\u0144 Kosmicznych satelity i wyniesienie go w przestrze\u0144 kosmiczn\u0105 w celu analizy problemu usuwania \u015bmieci z orbity. Uczestnicy projektu maj\u0105 te\u017c mo\u017cliwo\u015bc zapoznania si\u0119 z tw\u00f3rczo\u015bci\u0105 Stanis\u0142awa Lema, jak te\u017c obejrzenie ekranizacji jego ksi\u0105\u017cek. Projekt ten jest pionierskim i innowacyjnym przedsi\u0119wzi\u0119ciem, zdecydowanie potwierdzaj\u0105cym tez\u0119, \u017ce \u201e ..koszt pozostania w miejscu staje si\u0119 wy\u017cszy ni\u017c koszt przemieszczania si\u0119 gdzie indziej..\u201d<\/p>\n<p>Szczeg\u00f3\u0142owe informacje na temat wszystkich dzia\u0142a\u0144 projektowych mo\u017cna znale\u017a\u0107 na stronie internetowej stworzonej na potrzeby projektu: www.panstanislaw.edu.pl<\/p>\n","protected":false},"excerpt":{"rendered":"<p>projekt popularno \u2013 naukowy, kt\u00f3ry realizowany jest od wrze\u015bnia 2013 roku przez grup\u0119 uczni\u00f3w i fan\u00f3w Lema w\u00a0Gimnazjum nr 1 w L\u0119borku. Inspiracj\u0105 dla realizator\u00f3w projektu jest dorobek literacki Stanis\u0142awa Lema. Dlaczego Pan Stanis\u0142aw? Bo nazwa LEM zosta\u0142a ju\u017c zarezerwowana &hellip; <a href=\"https:\/\/solaris.lem.pl\/blog\/pan-stanislaw-czyli-szkola-w-kosmosie\/\">Czytaj dalej <span class=\"meta-nav\">&rarr;<\/span><\/a><\/p>\n","protected":false},"author":1,"featured_media":0,"comment_status":"open","ping_status":"open","sticky":false,"template":"","format":"standard","meta":[],"categories":[3],"tags":[],"_links":{"self":[{"href":"https:\/\/solaris.lem.pl\/blog\/wp-json\/wp\/v2\/posts\/13"}],"collection":[{"href":"https:\/\/solaris.lem.pl\/blog\/wp-json\/wp\/v2\/posts"}],"about":[{"href":"https:\/\/solaris.lem.pl\/blog\/wp-json\/wp\/v2\/types\/post"}],"author":[{"embeddable":true,"href":"https:\/\/solaris.lem.pl\/blog\/wp-json\/wp\/v2\/users\/1"}],"replies":[{"embeddable":true,"href":"https:\/\/solaris.lem.pl\/blog\/wp-json\/wp\/v2\/comments?post=13"}],"version-history":[{"count":1,"href":"https:\/\/solaris.lem.pl\/blog\/wp-json\/wp\/v2\/posts\/13\/revisions"}],"predecessor-version":[{"id":37,"href":"https:\/\/solaris.lem.pl\/blog\/wp-json\/wp\/v2\/posts\/13\/revisions\/37"}],"wp:attachment":[{"href":"https:\/\/solaris.lem.pl\/blog\/wp-json\/wp\/v2\/media?parent=13"}],"wp:term":[{"taxonomy":"category","embeddable":true,"href":"https:\/\/solaris.lem.pl\/blog\/wp-json\/wp\/v2\/categories?post=13"},{"taxonomy":"post_tag","embeddable":true,"href":"https:\/\/solaris.lem.pl\/blog\/wp-json\/wp\/v2\/tags?post=13"}],"curies":[{"name":"wp","href":"https:\/\/api.w.org\/{rel}","templated":true}]}}