{"id":115,"date":"2010-08-19T10:00:05","date_gmt":"2010-08-19T08:00:05","guid":{"rendered":"http:\/\/solaris.lem.pl\/blog\/?p=115"},"modified":"2015-06-10T15:08:30","modified_gmt":"2015-06-10T13:08:30","slug":"glosowanie-na-nazwe-pierwszego-polskiego-satelity","status":"publish","type":"post","link":"https:\/\/solaris.lem.pl\/blog\/glosowanie-na-nazwe-pierwszego-polskiego-satelity\/","title":{"rendered":"G\u0142osowanie na nazw\u0119 pierwszego polskiego satelity"},"content":{"rendered":"<p><a href=\"http:\/\/solaris.lem.pl\/blog\/wp-content\/uploads\/2015\/05\/pierwszy_polski_satelita.png\"><img loading=\"lazy\" class=\"alignright size-medium wp-image-116\" src=\"http:\/\/solaris.lem.pl\/blog\/wp-content\/uploads\/2015\/05\/pierwszy_polski_satelita-300x256.png\" alt=\"pierwszy polski satelita\" width=\"300\" height=\"256\" srcset=\"https:\/\/solaris.lem.pl\/blog\/wp-content\/uploads\/2015\/05\/pierwszy_polski_satelita-300x256.png 300w, https:\/\/solaris.lem.pl\/blog\/wp-content\/uploads\/2015\/05\/pierwszy_polski_satelita.png 321w\" sizes=\"(max-width: 300px) 100vw, 300px\" \/><\/a>W ramach programu BRITE w 2011 roku zostanie umieszczony na orbicie pierwszy polski satelita, kt\u00f3rego zadaniem b\u0119dzie obserwacja najja\u015bniejszych gwiazd. BRITE nale\u017cy do tzw. nano-satelit\u00f3w: ma kszta\u0142t sze\u015bcianu foremnego o d\u0142ugo\u015bci kraw\u0119dzi 20cm i wadze oko\u0142o sze\u015bciu kilogram\u00f3w. Jego projekt zosta\u0142 opracowany przez kanadyjskie laboratorium <em>Space Flight Laboratory<\/em> (SFL) przy Uniwersytecie w Toronto.<\/p>\n<p>Ministerstwo Nauki i Szkolnictwa Wy\u017cszego wsp\u00f3lnie z Centrum Bada\u0144 Kosmicznych PAN i Centrum Astronomicznym Miko\u0142aja Kopernika PAN og\u0142osi\u0142o konkurs na nazw\u0119 dla satelity. G\u0142osowa\u0107 mo\u017cna przez Internet.<\/p>\n<p>Na li\u015bcie propozycji, kt\u00f3re przesz\u0142y do drugiej tury g\u0142osowania, znalaz\u0142o si\u0119 r\u00f3wnie\u017c nazwisko Stanis\u0142awa Lema.<\/p>\n<p><span class=\"tip\">strona internetowa:<a href=\"http:\/\/www.brite-pl.pl\"> www.brite-pl.pl<\/a><\/span><\/p>\n","protected":false},"excerpt":{"rendered":"<p>W ramach programu BRITE w 2011 roku zostanie umieszczony na orbicie pierwszy polski satelita, kt\u00f3rego zadaniem b\u0119dzie obserwacja najja\u015bniejszych gwiazd. BRITE nale\u017cy do tzw. nano-satelit\u00f3w: ma kszta\u0142t sze\u015bcianu foremnego o d\u0142ugo\u015bci kraw\u0119dzi 20cm i wadze oko\u0142o sze\u015bciu kilogram\u00f3w. Jego projekt &hellip; <a href=\"https:\/\/solaris.lem.pl\/blog\/glosowanie-na-nazwe-pierwszego-polskiego-satelity\/\">Czytaj dalej <span class=\"meta-nav\">&rarr;<\/span><\/a><\/p>\n","protected":false},"author":1,"featured_media":0,"comment_status":"open","ping_status":"open","sticky":false,"template":"","format":"standard","meta":[],"categories":[3],"tags":[],"_links":{"self":[{"href":"https:\/\/solaris.lem.pl\/blog\/wp-json\/wp\/v2\/posts\/115"}],"collection":[{"href":"https:\/\/solaris.lem.pl\/blog\/wp-json\/wp\/v2\/posts"}],"about":[{"href":"https:\/\/solaris.lem.pl\/blog\/wp-json\/wp\/v2\/types\/post"}],"author":[{"embeddable":true,"href":"https:\/\/solaris.lem.pl\/blog\/wp-json\/wp\/v2\/users\/1"}],"replies":[{"embeddable":true,"href":"https:\/\/solaris.lem.pl\/blog\/wp-json\/wp\/v2\/comments?post=115"}],"version-history":[{"count":1,"href":"https:\/\/solaris.lem.pl\/blog\/wp-json\/wp\/v2\/posts\/115\/revisions"}],"predecessor-version":[{"id":117,"href":"https:\/\/solaris.lem.pl\/blog\/wp-json\/wp\/v2\/posts\/115\/revisions\/117"}],"wp:attachment":[{"href":"https:\/\/solaris.lem.pl\/blog\/wp-json\/wp\/v2\/media?parent=115"}],"wp:term":[{"taxonomy":"category","embeddable":true,"href":"https:\/\/solaris.lem.pl\/blog\/wp-json\/wp\/v2\/categories?post=115"},{"taxonomy":"post_tag","embeddable":true,"href":"https:\/\/solaris.lem.pl\/blog\/wp-json\/wp\/v2\/tags?post=115"}],"curies":[{"name":"wp","href":"https:\/\/api.w.org\/{rel}","templated":true}]}}